{"id":4911,"date":"2013-07-16T17:57:08","date_gmt":"2013-07-16T15:57:08","guid":{"rendered":"http:\/\/www.piah.se\/aspellhome\/?p=4911"},"modified":"2014-02-16T17:26:14","modified_gmt":"2014-02-16T16:26:14","slug":"lyxiga-ledighet","status":"publish","type":"post","link":"https:\/\/www.piah.se\/aspellhome\/lyxiga-ledighet\/","title":{"rendered":"Lyxiga ledighet"},"content":{"rendered":"<p><img loading=\"lazy\" decoding=\"async\" class=\"aligncenter size-full wp-image-4912\" alt=\"Melon\" src=\"http:\/\/www.piah.se\/aspellhome\/wp-content\/uploads\/2013\/07\/Melon.jpg\" width=\"700\" height=\"1025\" srcset=\"https:\/\/www.piah.se\/aspellhome\/wp-content\/uploads\/2013\/07\/Melon.jpg 700w, https:\/\/www.piah.se\/aspellhome\/wp-content\/uploads\/2013\/07\/Melon-292x428.jpg 292w\" sizes=\"(max-width: 700px) 100vw, 700px\" \/><\/p>\n<p>Semesterdagarna best\u00e5r egentligen av en enda orgie i vardagslyx. Inte undra p\u00e5 att man har sv\u00e5rt att \u00e5teranpassa sig till den vanliga vardagen &#8211; sen, n\u00e4r den kommer. Men det vill vi inte t\u00e4nka p\u00e5 \u00e4n.<\/p>\n<p><img loading=\"lazy\" decoding=\"async\" class=\"aligncenter size-full wp-image-4914\" alt=\"Hammock\" src=\"http:\/\/www.piah.se\/aspellhome\/wp-content\/uploads\/2013\/07\/Hammok.jpg\" width=\"700\" height=\"965\" srcset=\"https:\/\/www.piah.se\/aspellhome\/wp-content\/uploads\/2013\/07\/Hammok.jpg 700w, https:\/\/www.piah.se\/aspellhome\/wp-content\/uploads\/2013\/07\/Hammok-292x402.jpg 292w\" sizes=\"(max-width: 700px) 100vw, 700px\" \/><\/p>\n<p><img loading=\"lazy\" decoding=\"async\" class=\"aligncenter size-full wp-image-4915\" alt=\"Albin_melon\" src=\"http:\/\/www.piah.se\/aspellhome\/wp-content\/uploads\/2013\/07\/Albin_melon.jpg\" width=\"700\" height=\"944\" srcset=\"https:\/\/www.piah.se\/aspellhome\/wp-content\/uploads\/2013\/07\/Albin_melon.jpg 700w, https:\/\/www.piah.se\/aspellhome\/wp-content\/uploads\/2013\/07\/Albin_melon-292x393.jpg 292w\" sizes=\"(max-width: 700px) 100vw, 700px\" \/><\/p>\n<p>Lata dagar i solen, f\u00f6r att sedan vila sig i skuggan i den nyfixade hammocken. Albin springer omkring i sin hage, gr\u00e4ver och tycker det \u00e4r toppen att f\u00e5 vara ute. Hammocken st\u00e5r ocks\u00e5 i bers\u00e5n d\u00e4r han har sin hage, s\u00e5 det \u00e4r perfekt att kunna h\u00e5lla ett \u00f6ga p\u00e5 honom samtidigt som man ligger d\u00e4r och l\u00e4ser och har det gott. Och man slumrar mycket sk\u00f6nt d\u00e4r kan jag lova.<\/p>\n<p><img loading=\"lazy\" decoding=\"async\" class=\"aligncenter size-full wp-image-4916\" alt=\"Sallad\" src=\"http:\/\/www.piah.se\/aspellhome\/wp-content\/uploads\/2013\/07\/Sallad.jpg\" width=\"700\" height=\"990\" srcset=\"https:\/\/www.piah.se\/aspellhome\/wp-content\/uploads\/2013\/07\/Sallad.jpg 700w, https:\/\/www.piah.se\/aspellhome\/wp-content\/uploads\/2013\/07\/Sallad-292x412.jpg 292w\" sizes=\"(max-width: 700px) 100vw, 700px\" \/><\/p>\n<p><img loading=\"lazy\" decoding=\"async\" class=\"aligncenter size-full wp-image-4917\" alt=\"Peter_mat\" src=\"http:\/\/www.piah.se\/aspellhome\/wp-content\/uploads\/2013\/07\/Peter_mat.jpg\" width=\"700\" height=\"959\" srcset=\"https:\/\/www.piah.se\/aspellhome\/wp-content\/uploads\/2013\/07\/Peter_mat.jpg 700w, https:\/\/www.piah.se\/aspellhome\/wp-content\/uploads\/2013\/07\/Peter_mat-292x400.jpg 292w\" sizes=\"(max-width: 700px) 100vw, 700px\" \/><\/p>\n<p><img loading=\"lazy\" decoding=\"async\" class=\"aligncenter size-full wp-image-4918\" alt=\"Tallrik_grillat\" src=\"http:\/\/www.piah.se\/aspellhome\/wp-content\/uploads\/2013\/07\/Tallrik_grillat.jpg\" width=\"700\" height=\"967\" srcset=\"https:\/\/www.piah.se\/aspellhome\/wp-content\/uploads\/2013\/07\/Tallrik_grillat.jpg 700w, https:\/\/www.piah.se\/aspellhome\/wp-content\/uploads\/2013\/07\/Tallrik_grillat-292x403.jpg 292w\" sizes=\"(max-width: 700px) 100vw, 700px\" \/><\/p>\n<p>H\u00e4romdagen var det en s\u00e5dan d\u00e4r alldeles perfekt dag f\u00f6r att sitta ute och \u00e4ta. S\u00e5 vi gjorde som de flesta svenskar g\u00f6r s\u00e5 h\u00e4r \u00e5rs och grillade. Jag brukar inte gilla att sitta ute i det fria och \u00e4ta, f\u00f6r antingen bl\u00e5ser det eller s\u00e5 \u00e4r det insekter \u00f6verallt. Men inte den h\u00e4r dagen ~ s\u00e5 den k\u00e4ndes lite speciellt s\u00e4llsynt och viktig att ta vara p\u00e5.<\/p>\n<p style=\"text-align: center;\">&#8211; &#8211; &#8211;<\/p>\n<p>Tv\u00e5v\u00e5ningsbrickan framf\u00f6r hammocken hittade jag p\u00e5 en bakluckeloppis f\u00f6r ynka 30 kronor. Mycket praktisk till att b\u00e4ra fika och grejor ut och in den h\u00e4r tiden. Som ni f\u00f6rst\u00e5r blir det en hel del springande p\u00e5 loppmarknad nu under semestern ~ och jag bara \u00e4lskar det! Jag har redan gjort en hel del fynd, som jag f\u00e5r visa lite av h\u00e4r fram\u00f6ver.<\/p>\n<p style=\"text-align: center;\">Allt gott s\u00e5 l\u00e4nge =)<\/p>\n<p style=\"text-align: center;\">~ P ~<\/p>\n","protected":false},"excerpt":{"rendered":"<p>Semesterdagarna best\u00e5r egentligen av en enda orgie i vardagslyx. Inte undra p\u00e5 att man har sv\u00e5rt att \u00e5teranpassa sig till den vanliga vardagen &#8211; sen, n\u00e4r den kommer. Men det vill vi inte t\u00e4nka p\u00e5 \u00e4n. Lata dagar i solen, f\u00f6r att sedan vila sig i skuggan i den nyfixade hammocken. Albin springer omkring i [&hellip;]<\/p>\n","protected":false},"author":1,"featured_media":0,"comment_status":"open","ping_status":"open","sticky":false,"template":"","format":"standard","meta":{"footnotes":""},"categories":[7,5],"tags":[200,803,802,235,439,91,349],"class_list":["post-4911","post","type-post","status-publish","format-standard","hentry","category-home-and-interior","category-taste-and-scent","tag-albin","tag-grillning","tag-hammock","tag-kanin","tag-mat","tag-tradgard","tag-utomhus"],"_links":{"self":[{"href":"https:\/\/www.piah.se\/aspellhome\/wp-json\/wp\/v2\/posts\/4911"}],"collection":[{"href":"https:\/\/www.piah.se\/aspellhome\/wp-json\/wp\/v2\/posts"}],"about":[{"href":"https:\/\/www.piah.se\/aspellhome\/wp-json\/wp\/v2\/types\/post"}],"author":[{"embeddable":true,"href":"https:\/\/www.piah.se\/aspellhome\/wp-json\/wp\/v2\/users\/1"}],"replies":[{"embeddable":true,"href":"https:\/\/www.piah.se\/aspellhome\/wp-json\/wp\/v2\/comments?post=4911"}],"version-history":[{"count":9,"href":"https:\/\/www.piah.se\/aspellhome\/wp-json\/wp\/v2\/posts\/4911\/revisions"}],"predecessor-version":[{"id":4924,"href":"https:\/\/www.piah.se\/aspellhome\/wp-json\/wp\/v2\/posts\/4911\/revisions\/4924"}],"wp:attachment":[{"href":"https:\/\/www.piah.se\/aspellhome\/wp-json\/wp\/v2\/media?parent=4911"}],"wp:term":[{"taxonomy":"category","embeddable":true,"href":"https:\/\/www.piah.se\/aspellhome\/wp-json\/wp\/v2\/categories?post=4911"},{"taxonomy":"post_tag","embeddable":true,"href":"https:\/\/www.piah.se\/aspellhome\/wp-json\/wp\/v2\/tags?post=4911"}],"curies":[{"name":"wp","href":"https:\/\/api.w.org\/{rel}","templated":true}]}}