{"id":4888,"date":"2013-07-10T18:23:32","date_gmt":"2013-07-10T16:23:32","guid":{"rendered":"http:\/\/www.piah.se\/aspellhome\/?p=4888"},"modified":"2020-08-17T11:27:08","modified_gmt":"2020-08-17T09:27:08","slug":"semester","status":"publish","type":"post","link":"https:\/\/www.piah.se\/aspellhome\/semester\/","title":{"rendered":"Semester"},"content":{"rendered":"<p><img loading=\"lazy\" decoding=\"async\" class=\"aligncenter size-full wp-image-4893\" src=\"http:\/\/www.piah.se\/aspellhome\/wp-content\/uploads\/2013\/07\/Brushes.jpg\" alt=\"Brushes\" width=\"700\" height=\"890\" \/><\/p>\n<p>Min semester har p\u00e5g\u00e5tt i lite mer \u00e4n en vecka nu. Hur m\u00e5nga planer man \u00e4n har f\u00f6r vad som ska ske under dessa fem veckor, s\u00e5 \u00e4r det \u00e4nd\u00e5 ganska l\u00e4tt att falla in i n\u00e5gon sorts l\u00e4ttja. Kanske en befogad s\u00e5dan, d\u00e5 man jobbat och slitit \u00e4nnu ett helt \u00e5r.<\/p>\n<p>Det \u00e4r lite underligt det d\u00e4r &#8211; n\u00e4r det \u00e4r fullt upp \u00e4r det som att kreativiteten fl\u00f6dar p\u00e5 ett helt annat s\u00e4tt \u00e4n n\u00e4r man \u00a0har all tid i v\u00e4rlden. Men visst grejar och donar vi h\u00e4r hemma. Det m\u00e5las m\u00f6bler, st\u00e4das och sm\u00e5fixas med saker som blivit liggande. N\u00e5gra innedagar blir det f\u00f6rst\u00e5s ocks\u00e5 n\u00e4r v\u00e4dret \u00e4r s\u00e4mre, och jag plockar in allt gr\u00f6nt jag jag hitta f\u00f6r att f\u00e5 det lite somrigt inomhus ocks\u00e5.<\/p>\n<p><img loading=\"lazy\" decoding=\"async\" class=\"aligncenter size-full wp-image-4894\" src=\"http:\/\/www.piah.se\/aspellhome\/wp-content\/uploads\/2013\/07\/Lavender1.jpg\" alt=\"Lavendel i glas\" width=\"700\" height=\"936\" srcset=\"https:\/\/www.piah.se\/aspellhome\/wp-content\/uploads\/2013\/07\/Lavender1.jpg 700w, https:\/\/www.piah.se\/aspellhome\/wp-content\/uploads\/2013\/07\/Lavender1-292x390.jpg 292w\" sizes=\"(max-width: 700px) 100vw, 700px\" \/><\/p>\n<p><img loading=\"lazy\" decoding=\"async\" class=\"aligncenter size-full wp-image-4895\" src=\"http:\/\/www.piah.se\/aspellhome\/wp-content\/uploads\/2013\/07\/Lavender2.jpg\" alt=\"Lavendel\" width=\"700\" height=\"958\" srcset=\"https:\/\/www.piah.se\/aspellhome\/wp-content\/uploads\/2013\/07\/Lavender2.jpg 700w, https:\/\/www.piah.se\/aspellhome\/wp-content\/uploads\/2013\/07\/Lavender2-292x399.jpg 292w\" sizes=\"(max-width: 700px) 100vw, 700px\" \/><\/p>\n<p><img loading=\"lazy\" decoding=\"async\" class=\"aligncenter size-full wp-image-4896\" src=\"http:\/\/www.piah.se\/aspellhome\/wp-content\/uploads\/2013\/07\/Hundkex_i_vas.jpg\" alt=\"Hundkex i glasburk\" width=\"700\" height=\"877\" srcset=\"https:\/\/www.piah.se\/aspellhome\/wp-content\/uploads\/2013\/07\/Hundkex_i_vas.jpg 700w, https:\/\/www.piah.se\/aspellhome\/wp-content\/uploads\/2013\/07\/Hundkex_i_vas-292x365.jpg 292w\" sizes=\"(max-width: 700px) 100vw, 700px\" \/><\/p>\n<p><img loading=\"lazy\" decoding=\"async\" class=\"aligncenter size-full wp-image-4898\" src=\"http:\/\/www.piah.se\/aspellhome\/wp-content\/uploads\/2013\/07\/Glasburk_goosefeather.jpg\" alt=\"Glasburk, g\u00e5sfj\u00e4der\" width=\"700\" height=\"885\" srcset=\"https:\/\/www.piah.se\/aspellhome\/wp-content\/uploads\/2013\/07\/Glasburk_goosefeather.jpg 700w, https:\/\/www.piah.se\/aspellhome\/wp-content\/uploads\/2013\/07\/Glasburk_goosefeather-292x369.jpg 292w\" sizes=\"(max-width: 700px) 100vw, 700px\" \/><\/p>\n<p><img loading=\"lazy\" decoding=\"async\" class=\"aligncenter size-full wp-image-4899\" src=\"http:\/\/www.piah.se\/aspellhome\/wp-content\/uploads\/2013\/07\/Badrum1.jpg\" alt=\"Badrum\" width=\"700\" height=\"915\" srcset=\"https:\/\/www.piah.se\/aspellhome\/wp-content\/uploads\/2013\/07\/Badrum1.jpg 700w, https:\/\/www.piah.se\/aspellhome\/wp-content\/uploads\/2013\/07\/Badrum1-292x381.jpg 292w\" sizes=\"(max-width: 700px) 100vw, 700px\" \/><\/p>\n<p><img loading=\"lazy\" decoding=\"async\" class=\"aligncenter size-full wp-image-4900\" src=\"http:\/\/www.piah.se\/aspellhome\/wp-content\/uploads\/2013\/07\/Badrum2.jpg\" alt=\"Badrumsdekor\" width=\"700\" height=\"900\" srcset=\"https:\/\/www.piah.se\/aspellhome\/wp-content\/uploads\/2013\/07\/Badrum2.jpg 700w, https:\/\/www.piah.se\/aspellhome\/wp-content\/uploads\/2013\/07\/Badrum2-292x375.jpg 292w\" sizes=\"(max-width: 700px) 100vw, 700px\" \/><\/p>\n<p>F\u00f6rsta semesterveckan \u00e4gnade vi mestadels \u00e5t f\u00f6rberedelserna f\u00f6r H\u00e5ngsarvets loppmarknad, som vi i \u00e5r anordnade f\u00f6r andra g\u00e5ngen n\u00e5gonsin. Vi fick massor med sol och gott om bes\u00f6kare, s\u00e5 vi k\u00e4nner oss v\u00e4ldigt n\u00f6jda.<\/p>\n<p>N\u00e4r man befinner sig i f\u00f6rberedelsefasen \u00e4r det l\u00e4tt att t\u00e4nka &#8221;Aldrig mer!&#8221; &#8211; men n\u00e4r marknadsdagen v\u00e4l \u00e4r d\u00e4r och man \u00e4r mitt uppe i s\u00e4ljandet, s\u00e5 \u00e4r det s\u00e5 himla kul och snudd p\u00e5 lite festivalk\u00e4nsla. Jag st\u00e4llde ocks\u00e5 fr\u00e5gan till min man n\u00e4r vi plockade ihop v\u00e5rt pick och pack &#8211; &#8221;Hur kommer det sig egentligen att vi fortsatt med detta i snart 10 \u00e5r?&#8221; Med tanke p\u00e5 hur helt utpumpad man k\u00e4nner sig efter dagens slut s\u00e5 \u00e4r det ett sm\u00e4rre under.<\/p>\n<p>Trots allt s\u00e5 \u00e4r det \u00e4nd\u00e5 ett perfekt s\u00e4tt f\u00f6r mig (som byter ut interi\u00f6ren i j\u00e4mn str\u00f6m) att bli av med saker och kl\u00e4der som jag tr\u00f6ttnat p\u00e5. Och vi har en loppis till i \u00e5r som vi ska s\u00e4lja p\u00e5, s\u00e5 det kommer att plockas ihop \u00e4nnu mer h\u00e4r hemma.<\/p>\n<p style=\"text-align: center;\">&#8211; &#8211; &#8211;<\/p>\n<p>Ett litet PS: Glad och \u00f6verraskad blev jag n\u00e4r Arnhem Clothing i Australien h\u00f6rde av sig och ville g\u00f6ra ett blogginl\u00e4gg med inspiration fr\u00e5n v\u00e5rt hem med mina bilder. <a href=\"http:\/\/arnhemthelabelblog.blogspot.com.au\/2013\/07\/home-inspiration-aspell-home.html\" target=\"_blank\" rel=\"noopener noreferrer\">Se inl\u00e4gget h\u00e4r \u00bb<\/a><\/p>\n<p style=\"text-align: center;\">&#8211; &#8211; &#8211;<\/p>\n<pre style=\"text-align: center;\">Penslar, Clas Ohlson\r\nGlas och porslin, loppisfynd<\/pre>\n<p style=\"text-align: center;\">~ P ~<\/p>\n","protected":false},"excerpt":{"rendered":"<p>Min semester har p\u00e5g\u00e5tt i lite mer \u00e4n en vecka nu. Hur m\u00e5nga planer man \u00e4n har f\u00f6r vad som ska ske under dessa fem veckor, s\u00e5 \u00e4r det \u00e4nd\u00e5 ganska l\u00e4tt att falla in i n\u00e5gon sorts l\u00e4ttja. Kanske en befogad s\u00e5dan, d\u00e5 man jobbat och slitit \u00e4nnu ett helt \u00e5r. Det \u00e4r lite [&hellip;]<\/p>\n","protected":false},"author":1,"featured_media":0,"comment_status":"open","ping_status":"open","sticky":false,"template":"","format":"standard","meta":{"footnotes":""},"categories":[7],"tags":[14,515,89,128,224,136],"class_list":["post-4888","post","type-post","status-publish","format-standard","hentry","category-home-and-interior","tag-badrum","tag-blommor","tag-glasburk","tag-glaskaraffer","tag-porslin","tag-vardagsrum"],"_links":{"self":[{"href":"https:\/\/www.piah.se\/aspellhome\/wp-json\/wp\/v2\/posts\/4888"}],"collection":[{"href":"https:\/\/www.piah.se\/aspellhome\/wp-json\/wp\/v2\/posts"}],"about":[{"href":"https:\/\/www.piah.se\/aspellhome\/wp-json\/wp\/v2\/types\/post"}],"author":[{"embeddable":true,"href":"https:\/\/www.piah.se\/aspellhome\/wp-json\/wp\/v2\/users\/1"}],"replies":[{"embeddable":true,"href":"https:\/\/www.piah.se\/aspellhome\/wp-json\/wp\/v2\/comments?post=4888"}],"version-history":[{"count":18,"href":"https:\/\/www.piah.se\/aspellhome\/wp-json\/wp\/v2\/posts\/4888\/revisions"}],"predecessor-version":[{"id":7876,"href":"https:\/\/www.piah.se\/aspellhome\/wp-json\/wp\/v2\/posts\/4888\/revisions\/7876"}],"wp:attachment":[{"href":"https:\/\/www.piah.se\/aspellhome\/wp-json\/wp\/v2\/media?parent=4888"}],"wp:term":[{"taxonomy":"category","embeddable":true,"href":"https:\/\/www.piah.se\/aspellhome\/wp-json\/wp\/v2\/categories?post=4888"},{"taxonomy":"post_tag","embeddable":true,"href":"https:\/\/www.piah.se\/aspellhome\/wp-json\/wp\/v2\/tags?post=4888"}],"curies":[{"name":"wp","href":"https:\/\/api.w.org\/{rel}","templated":true}]}}