{"id":3718,"date":"2012-09-21T14:06:31","date_gmt":"2012-09-21T12:06:31","guid":{"rendered":"http:\/\/www.piah.se\/aspellhome\/?p=3718"},"modified":"2012-09-21T14:06:31","modified_gmt":"2012-09-21T12:06:31","slug":"soldyrkan-och-fredagsstilleben","status":"publish","type":"post","link":"https:\/\/www.piah.se\/aspellhome\/soldyrkan-och-fredagsstilleben\/","title":{"rendered":"Soldyrkan och fredagsstilleben"},"content":{"rendered":"<p><img loading=\"lazy\" decoding=\"async\" class=\"aligncenter size-full wp-image-3719\" title=\"Albin solar under bordet\" src=\"http:\/\/www.piah.se\/aspellhome\/wp-content\/uploads\/2012\/09\/Abban_solar.jpg\" alt=\"\" width=\"670\" height=\"670\" srcset=\"https:\/\/www.piah.se\/aspellhome\/wp-content\/uploads\/2012\/09\/Abban_solar.jpg 670w, https:\/\/www.piah.se\/aspellhome\/wp-content\/uploads\/2012\/09\/Abban_solar-150x150.jpg 150w, https:\/\/www.piah.se\/aspellhome\/wp-content\/uploads\/2012\/09\/Abban_solar-292x292.jpg 292w\" sizes=\"(max-width: 670px) 100vw, 670px\" \/><\/p>\n<p><img loading=\"lazy\" decoding=\"async\" class=\"aligncenter size-full wp-image-3720\" title=\"Soldyrkare\" src=\"http:\/\/www.piah.se\/aspellhome\/wp-content\/uploads\/2012\/09\/Soldyrkare.jpg\" alt=\"\" width=\"670\" height=\"670\" srcset=\"https:\/\/www.piah.se\/aspellhome\/wp-content\/uploads\/2012\/09\/Soldyrkare.jpg 670w, https:\/\/www.piah.se\/aspellhome\/wp-content\/uploads\/2012\/09\/Soldyrkare-120x120.jpg 120w, https:\/\/www.piah.se\/aspellhome\/wp-content\/uploads\/2012\/09\/Soldyrkare-292x292.jpg 292w, https:\/\/www.piah.se\/aspellhome\/wp-content\/uploads\/2012\/09\/Soldyrkare-625x625.jpg 625w\" sizes=\"(max-width: 670px) 100vw, 670px\" \/><\/p>\n<p>Jag hade f\u00f6r avsikt att \u00e5ka och handla lite nu efter jobbet, en fredag vid 12-sn\u00e5ret s\u00e5 d\u00e4r. Men jag kunde inte slita mig fr\u00e5n det ljuvliga lugnet d\u00e4r ute p\u00e5 verandan. Solsken, klarbl\u00e5 himmel, jag, h\u00e4ngstolen och en tidning.<\/p>\n<p>Och s\u00e5 Albin kanin, som kommer rusande n\u00e4r han k\u00e4nner att det \u00e4r \u00f6ppet. Om jag hade \u00e5kt, hade jag varit tvungen att ta in honom igen\u00a0~\u00a0men vem vill st\u00f6ra det d\u00e4r underbara soldyrkandet d\u00e4r under bordet? Tufsig \u00e4r han ocks\u00e5 skrutten, nu n\u00e4r han \u00e4r mitt uppe i p\u00e4lsbytet.<\/p>\n<p><img loading=\"lazy\" decoding=\"async\" class=\"aligncenter size-full wp-image-3721\" title=\"Stilleben_1\" src=\"http:\/\/www.piah.se\/aspellhome\/wp-content\/uploads\/2012\/09\/Stilleben_1.jpg\" alt=\"\" width=\"670\" height=\"565\" srcset=\"https:\/\/www.piah.se\/aspellhome\/wp-content\/uploads\/2012\/09\/Stilleben_1.jpg 670w, https:\/\/www.piah.se\/aspellhome\/wp-content\/uploads\/2012\/09\/Stilleben_1-292x246.jpg 292w, https:\/\/www.piah.se\/aspellhome\/wp-content\/uploads\/2012\/09\/Stilleben_1-625x527.jpg 625w\" sizes=\"(max-width: 670px) 100vw, 670px\" \/><\/p>\n<p><img loading=\"lazy\" decoding=\"async\" class=\"aligncenter size-full wp-image-3722\" title=\"Stilleben_2\" src=\"http:\/\/www.piah.se\/aspellhome\/wp-content\/uploads\/2012\/09\/Stilleben_2.jpg\" alt=\"\" width=\"670\" height=\"865\" srcset=\"https:\/\/www.piah.se\/aspellhome\/wp-content\/uploads\/2012\/09\/Stilleben_2.jpg 670w, https:\/\/www.piah.se\/aspellhome\/wp-content\/uploads\/2012\/09\/Stilleben_2-292x376.jpg 292w, https:\/\/www.piah.se\/aspellhome\/wp-content\/uploads\/2012\/09\/Stilleben_2-625x806.jpg 625w\" sizes=\"(max-width: 670px) 100vw, 670px\" \/><\/p>\n<p><img loading=\"lazy\" decoding=\"async\" class=\"aligncenter size-full wp-image-3723\" title=\"Stilleben_3\" src=\"http:\/\/www.piah.se\/aspellhome\/wp-content\/uploads\/2012\/09\/Stilleben_3.jpg\" alt=\"\" width=\"670\" height=\"670\" srcset=\"https:\/\/www.piah.se\/aspellhome\/wp-content\/uploads\/2012\/09\/Stilleben_3.jpg 670w, https:\/\/www.piah.se\/aspellhome\/wp-content\/uploads\/2012\/09\/Stilleben_3-120x120.jpg 120w, https:\/\/www.piah.se\/aspellhome\/wp-content\/uploads\/2012\/09\/Stilleben_3-292x292.jpg 292w, https:\/\/www.piah.se\/aspellhome\/wp-content\/uploads\/2012\/09\/Stilleben_3-625x625.jpg 625w\" sizes=\"(max-width: 670px) 100vw, 670px\" \/><\/p>\n<p style=\"text-align: center;\">Chili som \u00e4r s\u00e5 stark att man knappt kan \u00e4ta den, v\u00e4xer d\u00e4r ute.<br \/>\nVet knappt vad jag ska g\u00f6ra med den, men den \u00e4r ju \u00e4nd\u00e5 vacker att se p\u00e5.<\/p>\n<p style=\"text-align: center;\">&#8211; &#8211; &#8211;<\/p>\n<p style=\"text-align: left;\">V\u00e5r utbyggnad \u00e4r klar ~\u00a0eller halvklar kanske man ska s\u00e4ga. \u00c4n s\u00e5 l\u00e4nge gapar nakna v\u00e4ggar och tak med plast och isolering framme. Mannen ska dra kablar och datan\u00e4t och g\u00f6ra resten sj\u00e4lv. Ig\u00e5r stod vi d\u00e4rinne en bra stund och planerade och sp\u00e5nade fram id\u00e9er om hur allt ska ordnas och donas n\u00e4r vi v\u00e4l kan flytta in d\u00e4r. Kan knappt fatta att rummet som vi pratat om s\u00e5 l\u00e4nge, nu faktiskt finns d\u00e4r!<\/p>\n<p style=\"text-align: center;\">&#8211; &#8211; &#8211;<\/p>\n<p style=\"text-align: center;\">Ha en fin fredag<\/p>\n<p style=\"text-align: center;\">~ P ~<\/p>\n","protected":false},"excerpt":{"rendered":"<p>Jag hade f\u00f6r avsikt att \u00e5ka och handla lite nu efter jobbet, en fredag vid 12-sn\u00e5ret s\u00e5 d\u00e4r. Men jag kunde inte slita mig fr\u00e5n det ljuvliga lugnet d\u00e4r ute p\u00e5 verandan. Solsken, klarbl\u00e5 himmel, jag, h\u00e4ngstolen och en tidning. Och s\u00e5 Albin kanin, som kommer rusande n\u00e4r han k\u00e4nner att det \u00e4r \u00f6ppet. Om [&hellip;]<\/p>\n","protected":false},"author":1,"featured_media":0,"comment_status":"open","ping_status":"open","sticky":false,"template":"","format":"standard","meta":{"footnotes":""},"categories":[1],"tags":[200,216,27,235,473,23],"class_list":["post-3718","post","type-post","status-publish","format-standard","hentry","category-this-and-that","tag-albin","tag-fotografering","tag-fredag","tag-kanin","tag-stilleben","tag-veranda"],"_links":{"self":[{"href":"https:\/\/www.piah.se\/aspellhome\/wp-json\/wp\/v2\/posts\/3718"}],"collection":[{"href":"https:\/\/www.piah.se\/aspellhome\/wp-json\/wp\/v2\/posts"}],"about":[{"href":"https:\/\/www.piah.se\/aspellhome\/wp-json\/wp\/v2\/types\/post"}],"author":[{"embeddable":true,"href":"https:\/\/www.piah.se\/aspellhome\/wp-json\/wp\/v2\/users\/1"}],"replies":[{"embeddable":true,"href":"https:\/\/www.piah.se\/aspellhome\/wp-json\/wp\/v2\/comments?post=3718"}],"version-history":[{"count":5,"href":"https:\/\/www.piah.se\/aspellhome\/wp-json\/wp\/v2\/posts\/3718\/revisions"}],"predecessor-version":[{"id":3728,"href":"https:\/\/www.piah.se\/aspellhome\/wp-json\/wp\/v2\/posts\/3718\/revisions\/3728"}],"wp:attachment":[{"href":"https:\/\/www.piah.se\/aspellhome\/wp-json\/wp\/v2\/media?parent=3718"}],"wp:term":[{"taxonomy":"category","embeddable":true,"href":"https:\/\/www.piah.se\/aspellhome\/wp-json\/wp\/v2\/categories?post=3718"},{"taxonomy":"post_tag","embeddable":true,"href":"https:\/\/www.piah.se\/aspellhome\/wp-json\/wp\/v2\/tags?post=3718"}],"curies":[{"name":"wp","href":"https:\/\/api.w.org\/{rel}","templated":true}]}}