{"id":3165,"date":"2012-07-14T09:55:10","date_gmt":"2012-07-14T07:55:10","guid":{"rendered":"http:\/\/www.piah.se\/aspellhome\/?p=3165"},"modified":"2017-02-11T17:37:35","modified_gmt":"2017-02-11T16:37:35","slug":"vara-narmaste-grannar","status":"publish","type":"post","link":"https:\/\/www.piah.se\/aspellhome\/vara-narmaste-grannar\/","title":{"rendered":"V\u00e5ra n\u00e4rmaste grannar"},"content":{"rendered":"<div id=\"attachment_3166\" style=\"width: 660px\" class=\"wp-caption aligncenter\"><img loading=\"lazy\" decoding=\"async\" aria-describedby=\"caption-attachment-3166\" class=\"size-full wp-image-3166\" title=\"Sheep\" src=\"http:\/\/www.piah.se\/aspellhome\/wp-content\/uploads\/2012\/07\/Sheep.jpg\" alt=\"\" width=\"650\" height=\"460\" \/><p id=\"caption-attachment-3166\" class=\"wp-caption-text\">{ Alla f\u00e5rkvinnorna med sina barn kommer mot oss }<\/p><\/div>\n<p>Vi ser dem fr\u00e5n verandan, rakt framf\u00f6r oss. D\u00e4r g\u00f6r f\u00e5rhagen en avstickare in mot v\u00e5r g\u00e5rd s\u00e5 vi har dem alldeles n\u00e4ra, dessa k\u00e4ra och ulliga v\u00e4nner. Sj\u00e4lvklart tar vi br\u00f6d och \u00e4ppelbitar med oss, s\u00e5 vi blir mer eller mindre \u00f6verfallna av br\u00e4kande och mumsande f\u00e5r.<\/p>\n<p>De \u00e4r inte s\u00e5 fina i kanten de h\u00e4r damerna. Vet inte om det tyder p\u00e5 n\u00e5gon sorts upphetsning, men n\u00e4r vi dyker upp hukar de sig ofta helt ogenerat och b\u00f6rjar kissa mitt i utfodringen. Det ser onekligen v\u00e4ldigt komiskt ut.<\/p>\n<p><img loading=\"lazy\" decoding=\"async\" class=\"aligncenter size-full wp-image-3168\" title=\"F\u00e5r\" src=\"http:\/\/www.piah.se\/aspellhome\/wp-content\/uploads\/2012\/07\/Sheep_2.jpg\" alt=\"\" width=\"600\" height=\"799\" srcset=\"https:\/\/www.piah.se\/aspellhome\/wp-content\/uploads\/2012\/07\/Sheep_2.jpg 600w, https:\/\/www.piah.se\/aspellhome\/wp-content\/uploads\/2012\/07\/Sheep_2-292x388.jpg 292w\" sizes=\"(max-width: 600px) 100vw, 600px\" \/><\/p>\n<div id=\"attachment_3169\" style=\"width: 610px\" class=\"wp-caption aligncenter\"><img loading=\"lazy\" decoding=\"async\" aria-describedby=\"caption-attachment-3169\" class=\"size-full wp-image-3169\" title=\"Vita lammflickan\" src=\"http:\/\/www.piah.se\/aspellhome\/wp-content\/uploads\/2012\/07\/VitaLammflickan_2.jpg\" alt=\"\" width=\"600\" height=\"769\" srcset=\"https:\/\/www.piah.se\/aspellhome\/wp-content\/uploads\/2012\/07\/VitaLammflickan_2.jpg 600w, https:\/\/www.piah.se\/aspellhome\/wp-content\/uploads\/2012\/07\/VitaLammflickan_2-292x374.jpg 292w\" sizes=\"(max-width: 600px) 100vw, 600px\" \/><p id=\"caption-attachment-3169\" class=\"wp-caption-text\">{ Den lilla vita lammflickan }<\/p><\/div>\n<p>Den vita lilla lammflickan \u00e4r helt bed\u00e5rande. Minst i flocken och i b\u00f6rjan ett flasklamm. Jag sitter p\u00e5 huk framf\u00f6r henne och hon st\u00e5r alldeles stilla, l\u00e5ter sig klias\u00a0och bara gosar med en. Att bli snusad p\u00e5 n\u00e4san av ett vitt litet lamm \u00e4r underbart.<\/p>\n<p>Jag f\u00e5r ju lov att akta mig f\u00f6r att bli alltf\u00f6r f\u00e4st vid dessa varelser, med tanke p\u00e5 det \u00f6de som s\u00e4kerligen v\u00e4ntar dem. Det \u00e4r inte mycket till tr\u00f6st, men jag \u00e4ter varken lamm eller f\u00e5r l\u00e4ngre&#8230;<\/p>\n<div id=\"attachment_3171\" style=\"width: 610px\" class=\"wp-caption aligncenter\"><img loading=\"lazy\" decoding=\"async\" aria-describedby=\"caption-attachment-3171\" class=\"size-full wp-image-3171\" title=\"Enya med vitt lamm\" src=\"http:\/\/www.piah.se\/aspellhome\/wp-content\/uploads\/2012\/07\/EnyaLamm2.jpg\" alt=\"\" width=\"600\" height=\"600\" srcset=\"https:\/\/www.piah.se\/aspellhome\/wp-content\/uploads\/2012\/07\/EnyaLamm2.jpg 600w, https:\/\/www.piah.se\/aspellhome\/wp-content\/uploads\/2012\/07\/EnyaLamm2-120x120.jpg 120w, https:\/\/www.piah.se\/aspellhome\/wp-content\/uploads\/2012\/07\/EnyaLamm2-292x292.jpg 292w\" sizes=\"(max-width: 600px) 100vw, 600px\" \/><p id=\"caption-attachment-3171\" class=\"wp-caption-text\">{ Enya gosar ocks\u00e5 med lammen }<\/p><\/div>\n<div id=\"attachment_3172\" style=\"width: 610px\" class=\"wp-caption aligncenter\"><img loading=\"lazy\" decoding=\"async\" aria-describedby=\"caption-attachment-3172\" class=\"size-full wp-image-3172\" title=\"Celia med vattenpumpen\" src=\"http:\/\/www.piah.se\/aspellhome\/wp-content\/uploads\/2012\/07\/CeliaPump2.jpg\" alt=\"\" width=\"600\" height=\"781\" srcset=\"https:\/\/www.piah.se\/aspellhome\/wp-content\/uploads\/2012\/07\/CeliaPump2.jpg 600w, https:\/\/www.piah.se\/aspellhome\/wp-content\/uploads\/2012\/07\/CeliaPump2-292x380.jpg 292w\" sizes=\"(max-width: 600px) 100vw, 600px\" \/><p id=\"caption-attachment-3172\" class=\"wp-caption-text\">{ Celia leker med pumpen }<\/p><\/div>\n<p><img loading=\"lazy\" decoding=\"async\" class=\"aligncenter size-full wp-image-3178\" title=\"Arrak\" src=\"http:\/\/www.piah.se\/aspellhome\/wp-content\/uploads\/2012\/07\/Arrak_22.jpg\" alt=\"\" width=\"600\" height=\"875\" srcset=\"https:\/\/www.piah.se\/aspellhome\/wp-content\/uploads\/2012\/07\/Arrak_22.jpg 600w, https:\/\/www.piah.se\/aspellhome\/wp-content\/uploads\/2012\/07\/Arrak_22-292x425.jpg 292w\" sizes=\"(max-width: 600px) 100vw, 600px\" \/><\/p>\n<p>Med bara ett uthus emellan st\u00e5r nordsvensken Arrak. Han har passerat 20 \u00e5r &#8211; kungen av H\u00e5ngsarvet. N\u00e4r vi visslar och ropar kommer han i rask trav med h\u00f6gburet huvud och spetsade \u00f6ron. T\u00e4tt efter kommer ocks\u00e5 f\u00f6ljeslagaren och\u00a0baggen Totte, pappan till alla lammen. De har ju l\u00e4rt sig vid det h\u00e4r laget, att n\u00e4r vi kommer vankas det godsaker. Det vill man inte missa.<\/p>\n<p><img loading=\"lazy\" decoding=\"async\" class=\"aligncenter size-full wp-image-3175\" title=\"Arrak - Kungen av H\u00e5ngsarvet\" src=\"http:\/\/www.piah.se\/aspellhome\/wp-content\/uploads\/2012\/07\/Arrak_1.jpg\" alt=\"\" width=\"600\" height=\"858\" srcset=\"https:\/\/www.piah.se\/aspellhome\/wp-content\/uploads\/2012\/07\/Arrak_1.jpg 600w, https:\/\/www.piah.se\/aspellhome\/wp-content\/uploads\/2012\/07\/Arrak_1-292x417.jpg 292w\" sizes=\"(max-width: 600px) 100vw, 600px\" \/><\/p>\n<p style=\"text-align: center;\">\u00a0&#8211; &#8211; &#8211;<\/p>\n<p style=\"text-align: center;\">Andra veckan p\u00e5 semestern lider mot sitt slut och vi har det bara g\u00f6tt som synes =)<\/p>\n<p style=\"text-align: center;\">~ P ~<\/p>\n","protected":false},"excerpt":{"rendered":"<p>Vi ser dem fr\u00e5n verandan, rakt framf\u00f6r oss. D\u00e4r g\u00f6r f\u00e5rhagen en avstickare in mot v\u00e5r g\u00e5rd s\u00e5 vi har dem alldeles n\u00e4ra, dessa k\u00e4ra och ulliga v\u00e4nner. Sj\u00e4lvklart tar vi br\u00f6d och \u00e4ppelbitar med oss, s\u00e5 vi blir mer eller mindre \u00f6verfallna av br\u00e4kande och mumsande f\u00e5r. De \u00e4r inte s\u00e5 fina i kanten [&hellip;]<\/p>\n","protected":false},"author":1,"featured_media":0,"comment_status":"open","ping_status":"open","sticky":false,"template":"","format":"standard","meta":{"footnotes":""},"categories":[1003],"tags":[347,526,455,346,544],"class_list":["post-3165","post","type-post","status-publish","format-standard","hentry","category-animal-nature","tag-arrak","tag-barn","tag-far","tag-hast","tag-lamm"],"_links":{"self":[{"href":"https:\/\/www.piah.se\/aspellhome\/wp-json\/wp\/v2\/posts\/3165"}],"collection":[{"href":"https:\/\/www.piah.se\/aspellhome\/wp-json\/wp\/v2\/posts"}],"about":[{"href":"https:\/\/www.piah.se\/aspellhome\/wp-json\/wp\/v2\/types\/post"}],"author":[{"embeddable":true,"href":"https:\/\/www.piah.se\/aspellhome\/wp-json\/wp\/v2\/users\/1"}],"replies":[{"embeddable":true,"href":"https:\/\/www.piah.se\/aspellhome\/wp-json\/wp\/v2\/comments?post=3165"}],"version-history":[{"count":12,"href":"https:\/\/www.piah.se\/aspellhome\/wp-json\/wp\/v2\/posts\/3165\/revisions"}],"predecessor-version":[{"id":6995,"href":"https:\/\/www.piah.se\/aspellhome\/wp-json\/wp\/v2\/posts\/3165\/revisions\/6995"}],"wp:attachment":[{"href":"https:\/\/www.piah.se\/aspellhome\/wp-json\/wp\/v2\/media?parent=3165"}],"wp:term":[{"taxonomy":"category","embeddable":true,"href":"https:\/\/www.piah.se\/aspellhome\/wp-json\/wp\/v2\/categories?post=3165"},{"taxonomy":"post_tag","embeddable":true,"href":"https:\/\/www.piah.se\/aspellhome\/wp-json\/wp\/v2\/tags?post=3165"}],"curies":[{"name":"wp","href":"https:\/\/api.w.org\/{rel}","templated":true}]}}