{"id":2399,"date":"2012-04-12T19:59:19","date_gmt":"2012-04-12T17:59:19","guid":{"rendered":"http:\/\/www.piah.se\/aspellhome\/?p=2399"},"modified":"2012-04-12T20:04:22","modified_gmt":"2012-04-12T18:04:22","slug":"konsten-att-fira-en-kanin","status":"publish","type":"post","link":"https:\/\/www.piah.se\/aspellhome\/konsten-att-fira-en-kanin\/","title":{"rendered":"Konsten att fira en kanin"},"content":{"rendered":"<p><img loading=\"lazy\" decoding=\"async\" class=\"aligncenter size-full wp-image-2400\" title=\"AlbinBirthday_collage\" src=\"http:\/\/www.piah.se\/aspellhome\/wp-content\/uploads\/2012\/04\/AlbinBirthday_collage.jpg\" alt=\"\" width=\"625\" height=\"896\" srcset=\"https:\/\/www.piah.se\/aspellhome\/wp-content\/uploads\/2012\/04\/AlbinBirthday_collage.jpg 625w, https:\/\/www.piah.se\/aspellhome\/wp-content\/uploads\/2012\/04\/AlbinBirthday_collage-292x419.jpg 292w\" sizes=\"(max-width: 625px) 100vw, 625px\" \/><\/p>\n<p>Som\u00a0vi smusslade idag n\u00e4r vi kom hem och han anade ingenting! V\u00e5r blygsamma \u00f6verraskning var totalt ov\u00e4ntad. Antagligen. En m\u00e4rklig dag f\u00f6r Albin kanin.<\/p>\n<p>Det h\u00e4r \u00e4r ju inte vad som brukar h\u00e4nda n\u00e4r vi kommer hem fr\u00e5n jobbet s\u00e5&#8230; ja, lite \u00f6verraskad var han nog p\u00e5 riktigt. Fast mest misst\u00e4nksam och undrande \u00f6ver <em>vad<\/em> som tagit \u00e5t oss. Han kanske inte \u00e4r den enda som undrar f\u00f6rresten.<\/p>\n<p><img loading=\"lazy\" decoding=\"async\" class=\"aligncenter size-full wp-image-2402\" title=\"Albin birthday\" src=\"http:\/\/www.piah.se\/aspellhome\/wp-content\/uploads\/2012\/04\/Albin_birthday_1b.jpg\" alt=\"\" width=\"500\" height=\"750\" srcset=\"https:\/\/www.piah.se\/aspellhome\/wp-content\/uploads\/2012\/04\/Albin_birthday_1b.jpg 500w, https:\/\/www.piah.se\/aspellhome\/wp-content\/uploads\/2012\/04\/Albin_birthday_1b-292x438.jpg 292w\" sizes=\"(max-width: 500px) 100vw, 500px\" \/><\/p>\n<p style=\"text-align: center;\">Tack f\u00f6r idag och go kv\u00e4ll =)<\/p>\n<p style=\"text-align: center;\"><img loading=\"lazy\" decoding=\"async\" class=\"aligncenter size-full wp-image-1918\" title=\"heart\" src=\"http:\/\/www.piah.se\/aspellhome\/wp-content\/uploads\/2012\/02\/heart.jpg\" alt=\"\" width=\"130\" height=\"123\" \/><\/p>\n","protected":false},"excerpt":{"rendered":"<p>Som\u00a0vi smusslade idag n\u00e4r vi kom hem och han anade ingenting! V\u00e5r blygsamma \u00f6verraskning var totalt ov\u00e4ntad. Antagligen. En m\u00e4rklig dag f\u00f6r Albin kanin. Det h\u00e4r \u00e4r ju inte vad som brukar h\u00e4nda n\u00e4r vi kommer hem fr\u00e5n jobbet s\u00e5&#8230; ja, lite \u00f6verraskad var han nog p\u00e5 riktigt. Fast mest misst\u00e4nksam och undrande \u00f6ver vad [&hellip;]<\/p>\n","protected":false},"author":1,"featured_media":0,"comment_status":"open","ping_status":"open","sticky":false,"template":"","format":"standard","meta":{"footnotes":""},"categories":[514],"tags":[200,513],"class_list":["post-2399","post","type-post","status-publish","format-standard","hentry","category-highlights","tag-albin","tag-fodelsedag"],"_links":{"self":[{"href":"https:\/\/www.piah.se\/aspellhome\/wp-json\/wp\/v2\/posts\/2399"}],"collection":[{"href":"https:\/\/www.piah.se\/aspellhome\/wp-json\/wp\/v2\/posts"}],"about":[{"href":"https:\/\/www.piah.se\/aspellhome\/wp-json\/wp\/v2\/types\/post"}],"author":[{"embeddable":true,"href":"https:\/\/www.piah.se\/aspellhome\/wp-json\/wp\/v2\/users\/1"}],"replies":[{"embeddable":true,"href":"https:\/\/www.piah.se\/aspellhome\/wp-json\/wp\/v2\/comments?post=2399"}],"version-history":[{"count":15,"href":"https:\/\/www.piah.se\/aspellhome\/wp-json\/wp\/v2\/posts\/2399\/revisions"}],"predecessor-version":[{"id":2413,"href":"https:\/\/www.piah.se\/aspellhome\/wp-json\/wp\/v2\/posts\/2399\/revisions\/2413"}],"wp:attachment":[{"href":"https:\/\/www.piah.se\/aspellhome\/wp-json\/wp\/v2\/media?parent=2399"}],"wp:term":[{"taxonomy":"category","embeddable":true,"href":"https:\/\/www.piah.se\/aspellhome\/wp-json\/wp\/v2\/categories?post=2399"},{"taxonomy":"post_tag","embeddable":true,"href":"https:\/\/www.piah.se\/aspellhome\/wp-json\/wp\/v2\/tags?post=2399"}],"curies":[{"name":"wp","href":"https:\/\/api.w.org\/{rel}","templated":true}]}}