{"id":1884,"date":"2012-02-05T17:26:27","date_gmt":"2012-02-05T16:26:27","guid":{"rendered":"http:\/\/www.piah.se\/aspellhome\/?p=1884"},"modified":"2017-02-11T17:39:05","modified_gmt":"2017-02-11T16:39:05","slug":"tva-flickor-och-en-pojke","status":"publish","type":"post","link":"https:\/\/www.piah.se\/aspellhome\/tva-flickor-och-en-pojke\/","title":{"rendered":"Tv\u00e5 flickor och en pojke"},"content":{"rendered":"<p><img loading=\"lazy\" decoding=\"async\" class=\"aligncenter size-full wp-image-1885\" title=\"Tv\u00e5 flickor och en pojke\" src=\"http:\/\/www.piah.se\/aspellhome\/wp-content\/uploads\/2012\/02\/EnyaCelia_Serie_feb12.jpg\" alt=\"\" width=\"513\" height=\"784\" \/><\/p>\n<p><img loading=\"lazy\" decoding=\"async\" class=\"aligncenter size-full wp-image-1886\" title=\"Enya\" src=\"http:\/\/www.piah.se\/aspellhome\/wp-content\/uploads\/2012\/02\/Enya_feb12_1.jpg\" alt=\"\" width=\"480\" height=\"720\" srcset=\"https:\/\/www.piah.se\/aspellhome\/wp-content\/uploads\/2012\/02\/Enya_feb12_1.jpg 480w, https:\/\/www.piah.se\/aspellhome\/wp-content\/uploads\/2012\/02\/Enya_feb12_1-292x437.jpg 292w\" sizes=\"(max-width: 480px) 100vw, 480px\" \/><\/p>\n<p><img loading=\"lazy\" decoding=\"async\" class=\"aligncenter size-full wp-image-1887\" title=\"Celia\" src=\"http:\/\/www.piah.se\/aspellhome\/wp-content\/uploads\/2012\/02\/Celia_albin.jpg\" alt=\"\" width=\"480\" height=\"720\" srcset=\"https:\/\/www.piah.se\/aspellhome\/wp-content\/uploads\/2012\/02\/Celia_albin.jpg 480w, https:\/\/www.piah.se\/aspellhome\/wp-content\/uploads\/2012\/02\/Celia_albin-292x437.jpg 292w\" sizes=\"(max-width: 480px) 100vw, 480px\" \/><\/p>\n<p>Tv\u00e5 sm\u00e5 flickor h\u00e4lsade p\u00e5 idag och livade upp s\u00f6ndagen under ett par timmar. Vi har fikat,\u00a0ritat, lekt med iPaden,\u00a0klappat och matat kaninen. Albin \u00e4r allt bra\u00a0sn\u00e4ll och t\u00e5lig.\u00a0Lite ovan med sm\u00e5 h\u00e4nder, men han springer bara undan ifall han f\u00e5r nog. Det pratas ocks\u00e5 om en SPA-weekend igen, vilket l\u00e5ter alldeles f\u00f6rtr\u00e4fligt mysigt!<\/p>\n<p>Den nya kameran ger mig mer och mer, ju mer jag l\u00e4r mig. \u00c4r s\u00e5 himla glad f\u00f6r den! Mycket tid g\u00e5r \u00e5t till bildredigering, men det \u00e4r ju n\u00e4stan mer \u00e4n halva n\u00f6jet f\u00f6r min del.<\/p>\n<p>Under veckan t\u00e4nker jag ber\u00e4tta en historia till ett par bilder jag gjort. En alldeles sann historia med anknytning till en historisk h\u00e4ndelse&#8230;<\/p>\n<p style=\"text-align: center;\">S\u00f6ndagsfrid p\u00e5 er =)<\/p>\n","protected":false},"excerpt":{"rendered":"<p>Tv\u00e5 sm\u00e5 flickor h\u00e4lsade p\u00e5 idag och livade upp s\u00f6ndagen under ett par timmar. Vi har fikat,\u00a0ritat, lekt med iPaden,\u00a0klappat och matat kaninen. Albin \u00e4r allt bra\u00a0sn\u00e4ll och t\u00e5lig.\u00a0Lite ovan med sm\u00e5 h\u00e4nder, men han springer bara undan ifall han f\u00e5r nog. Det pratas ocks\u00e5 om en SPA-weekend igen, vilket l\u00e5ter alldeles f\u00f6rtr\u00e4fligt mysigt! Den [&hellip;]<\/p>\n","protected":false},"author":1,"featured_media":0,"comment_status":"open","ping_status":"open","sticky":false,"template":"","format":"standard","meta":{"footnotes":""},"categories":[1],"tags":[200,216,382],"class_list":["post-1884","post","type-post","status-publish","format-standard","hentry","category-this-and-that","tag-albin","tag-fotografering","tag-sondag"],"_links":{"self":[{"href":"https:\/\/www.piah.se\/aspellhome\/wp-json\/wp\/v2\/posts\/1884"}],"collection":[{"href":"https:\/\/www.piah.se\/aspellhome\/wp-json\/wp\/v2\/posts"}],"about":[{"href":"https:\/\/www.piah.se\/aspellhome\/wp-json\/wp\/v2\/types\/post"}],"author":[{"embeddable":true,"href":"https:\/\/www.piah.se\/aspellhome\/wp-json\/wp\/v2\/users\/1"}],"replies":[{"embeddable":true,"href":"https:\/\/www.piah.se\/aspellhome\/wp-json\/wp\/v2\/comments?post=1884"}],"version-history":[{"count":7,"href":"https:\/\/www.piah.se\/aspellhome\/wp-json\/wp\/v2\/posts\/1884\/revisions"}],"predecessor-version":[{"id":6666,"href":"https:\/\/www.piah.se\/aspellhome\/wp-json\/wp\/v2\/posts\/1884\/revisions\/6666"}],"wp:attachment":[{"href":"https:\/\/www.piah.se\/aspellhome\/wp-json\/wp\/v2\/media?parent=1884"}],"wp:term":[{"taxonomy":"category","embeddable":true,"href":"https:\/\/www.piah.se\/aspellhome\/wp-json\/wp\/v2\/categories?post=1884"},{"taxonomy":"post_tag","embeddable":true,"href":"https:\/\/www.piah.se\/aspellhome\/wp-json\/wp\/v2\/tags?post=1884"}],"curies":[{"name":"wp","href":"https:\/\/api.w.org\/{rel}","templated":true}]}}