{"id":1871,"date":"2012-02-04T13:05:10","date_gmt":"2012-02-04T12:05:10","guid":{"rendered":"http:\/\/www.piah.se\/aspellhome\/?p=1871"},"modified":"2016-03-26T20:38:38","modified_gmt":"2016-03-26T19:38:38","slug":"kakelugnsvarme","status":"publish","type":"post","link":"https:\/\/www.piah.se\/aspellhome\/kakelugnsvarme\/","title":{"rendered":"Kakelugnsv\u00e4rme"},"content":{"rendered":"<p><img loading=\"lazy\" decoding=\"async\" class=\"aligncenter size-full wp-image-1881\" title=\"Eldar i kakelugenen\" src=\"http:\/\/www.piah.se\/aspellhome\/wp-content\/uploads\/2012\/02\/Kakelugn_2b1.jpg\" alt=\"\" width=\"510\" height=\"687\" srcset=\"https:\/\/www.piah.se\/aspellhome\/wp-content\/uploads\/2012\/02\/Kakelugn_2b1.jpg 510w, https:\/\/www.piah.se\/aspellhome\/wp-content\/uploads\/2012\/02\/Kakelugn_2b1-212x286.jpg 212w\" sizes=\"(max-width: 510px) 100vw, 510px\" \/><\/p>\n<p><img loading=\"lazy\" decoding=\"async\" class=\"aligncenter size-full wp-image-1882\" title=\"Kakelugn\" src=\"http:\/\/www.piah.se\/aspellhome\/wp-content\/uploads\/2012\/02\/Kakelugn_1b1.jpg\" alt=\"\" width=\"510\" height=\"687\" srcset=\"https:\/\/www.piah.se\/aspellhome\/wp-content\/uploads\/2012\/02\/Kakelugn_1b1.jpg 510w, https:\/\/www.piah.se\/aspellhome\/wp-content\/uploads\/2012\/02\/Kakelugn_1b1-292x393.jpg 292w\" sizes=\"(max-width: 510px) 100vw, 510px\" \/><\/p>\n<p><img loading=\"lazy\" decoding=\"async\" class=\"aligncenter size-full wp-image-1874\" title=\"Albin feb12\" src=\"http:\/\/www.piah.se\/aspellhome\/wp-content\/uploads\/2012\/02\/Albin_feb12.jpg\" alt=\"\" width=\"510\" height=\"765\" srcset=\"https:\/\/www.piah.se\/aspellhome\/wp-content\/uploads\/2012\/02\/Albin_feb12.jpg 510w, https:\/\/www.piah.se\/aspellhome\/wp-content\/uploads\/2012\/02\/Albin_feb12-292x438.jpg 292w\" sizes=\"(max-width: 510px) 100vw, 510px\" \/><\/p>\n<p>En mycket kylig dag idag och vi har eldat i b\u00e5de k\u00f6ksspisen och kakelugnen. Att f\u00e5 st\u00e4lla sig i v\u00e4rmen framf\u00f6r kakelugnen, eller vedspisen i k\u00f6ket, \u00e4r oslagbart sk\u00f6nt f\u00f6r en fryslort som jag.<\/p>\n<p>Albin brukar gilla att ligga lite svalt, men idag var det nog i kallaste laget h\u00e4r inne \u00e4ven f\u00f6r honom. Nu har han legat en bra stund i v\u00e4rmen framf\u00f6r kakelugnen och ser ut att njuta f\u00f6r fullt. Sover och v\u00e4ltrar sig omvart annat.<\/p>\n<p style=\"text-align: center;\">Nu b\u00e4r det snart iv\u00e4g ut i kylan f\u00f6r lite ink\u00f6p. Vi ses!<\/p>\n","protected":false},"excerpt":{"rendered":"<p>En mycket kylig dag idag och vi har eldat i b\u00e5de k\u00f6ksspisen och kakelugnen. Att f\u00e5 st\u00e4lla sig i v\u00e4rmen framf\u00f6r kakelugnen, eller vedspisen i k\u00f6ket, \u00e4r oslagbart sk\u00f6nt f\u00f6r en fryslort som jag. Albin brukar gilla att ligga lite svalt, men idag var det nog i kallaste laget h\u00e4r inne \u00e4ven f\u00f6r honom. Nu [&hellip;]<\/p>\n","protected":false},"author":1,"featured_media":0,"comment_status":"open","ping_status":"open","sticky":false,"template":"","format":"standard","meta":{"footnotes":""},"categories":[7],"tags":[200,470,471,435],"class_list":["post-1871","post","type-post","status-publish","format-standard","hentry","category-home-and-interior","tag-albin","tag-kalelugn","tag-kallt","tag-vinter"],"_links":{"self":[{"href":"https:\/\/www.piah.se\/aspellhome\/wp-json\/wp\/v2\/posts\/1871"}],"collection":[{"href":"https:\/\/www.piah.se\/aspellhome\/wp-json\/wp\/v2\/posts"}],"about":[{"href":"https:\/\/www.piah.se\/aspellhome\/wp-json\/wp\/v2\/types\/post"}],"author":[{"embeddable":true,"href":"https:\/\/www.piah.se\/aspellhome\/wp-json\/wp\/v2\/users\/1"}],"replies":[{"embeddable":true,"href":"https:\/\/www.piah.se\/aspellhome\/wp-json\/wp\/v2\/comments?post=1871"}],"version-history":[{"count":8,"href":"https:\/\/www.piah.se\/aspellhome\/wp-json\/wp\/v2\/posts\/1871\/revisions"}],"predecessor-version":[{"id":6665,"href":"https:\/\/www.piah.se\/aspellhome\/wp-json\/wp\/v2\/posts\/1871\/revisions\/6665"}],"wp:attachment":[{"href":"https:\/\/www.piah.se\/aspellhome\/wp-json\/wp\/v2\/media?parent=1871"}],"wp:term":[{"taxonomy":"category","embeddable":true,"href":"https:\/\/www.piah.se\/aspellhome\/wp-json\/wp\/v2\/categories?post=1871"},{"taxonomy":"post_tag","embeddable":true,"href":"https:\/\/www.piah.se\/aspellhome\/wp-json\/wp\/v2\/tags?post=1871"}],"curies":[{"name":"wp","href":"https:\/\/api.w.org\/{rel}","templated":true}]}}