{"id":6428,"date":"2015-08-30T17:59:12","date_gmt":"2015-08-30T15:59:12","guid":{"rendered":"http:\/\/www.piah.se\/aspellhome\/?p=6428"},"modified":"2015-08-30T17:59:12","modified_gmt":"2015-08-30T15:59:12","slug":"august-oasis","status":"publish","type":"post","link":"http:\/\/www.piah.se\/aspellhome\/august-oasis\/","title":{"rendered":"August oasis"},"content":{"rendered":"<p><img loading=\"lazy\" decoding=\"async\" class=\"aligncenter size-full wp-image-6429\" src=\"http:\/\/www.piah.se\/aspellhome\/wp-content\/uploads\/2015\/08\/Miniveranda_1.jpg\" alt=\"Miniveranda_1\" width=\"720\" height=\"980\" srcset=\"http:\/\/www.piah.se\/aspellhome\/wp-content\/uploads\/2015\/08\/Miniveranda_1.jpg 720w, http:\/\/www.piah.se\/aspellhome\/wp-content\/uploads\/2015\/08\/Miniveranda_1-292x397.jpg 292w\" sizes=\"(max-width: 720px) 100vw, 720px\" \/><\/p>\n<p><img loading=\"lazy\" decoding=\"async\" class=\"aligncenter size-full wp-image-6430\" src=\"http:\/\/www.piah.se\/aspellhome\/wp-content\/uploads\/2015\/08\/Miniveranda_2.jpg\" alt=\"Miniveranda_2\" width=\"720\" height=\"720\" srcset=\"http:\/\/www.piah.se\/aspellhome\/wp-content\/uploads\/2015\/08\/Miniveranda_2.jpg 720w, http:\/\/www.piah.se\/aspellhome\/wp-content\/uploads\/2015\/08\/Miniveranda_2-150x150.jpg 150w, http:\/\/www.piah.se\/aspellhome\/wp-content\/uploads\/2015\/08\/Miniveranda_2-292x292.jpg 292w, http:\/\/www.piah.se\/aspellhome\/wp-content\/uploads\/2015\/08\/Miniveranda_2-624x624.jpg 624w\" sizes=\"(max-width: 720px) 100vw, 720px\" \/><\/p>\n<p><img loading=\"lazy\" decoding=\"async\" class=\"aligncenter size-full wp-image-6431\" src=\"http:\/\/www.piah.se\/aspellhome\/wp-content\/uploads\/2015\/08\/Miniveranda_3.jpg\" alt=\"Miniveranda_3\" width=\"720\" height=\"978\" srcset=\"http:\/\/www.piah.se\/aspellhome\/wp-content\/uploads\/2015\/08\/Miniveranda_3.jpg 720w, http:\/\/www.piah.se\/aspellhome\/wp-content\/uploads\/2015\/08\/Miniveranda_3-292x397.jpg 292w, http:\/\/www.piah.se\/aspellhome\/wp-content\/uploads\/2015\/08\/Miniveranda_3-624x848.jpg 624w\" sizes=\"(max-width: 720px) 100vw, 720px\" \/><\/p>\n<p><img loading=\"lazy\" decoding=\"async\" class=\"aligncenter size-full wp-image-6432\" src=\"http:\/\/www.piah.se\/aspellhome\/wp-content\/uploads\/2015\/08\/Albin_miniverandan1.jpg\" alt=\"Albin_miniverandan\" width=\"720\" height=\"916\" srcset=\"http:\/\/www.piah.se\/aspellhome\/wp-content\/uploads\/2015\/08\/Albin_miniverandan1.jpg 720w, http:\/\/www.piah.se\/aspellhome\/wp-content\/uploads\/2015\/08\/Albin_miniverandan1-292x371.jpg 292w, http:\/\/www.piah.se\/aspellhome\/wp-content\/uploads\/2015\/08\/Albin_miniverandan1-624x794.jpg 624w\" sizes=\"(max-width: 720px) 100vw, 720px\" \/><\/p>\n<p style=\"text-align: center;\">\u2013\u00a0\u2665 \u2013<\/p>\n<p>Under den h\u00e4r sommaren har vi (l\u00e4s mannen h\u00e4r i huset) snickrat p\u00e5 en ny veranda. Den str\u00e4cker sig ut fr\u00e5n \u00a0utbyggnaden bakom huset d\u00e4r vi har morgonsol. Tack vare den fina sensommaren som vi nu f\u00e5tt i augusti s\u00e5 har vi ocks\u00e5 kunnat f\u00e5 njuta lite av den f\u00e4rdiga verandan, innan h\u00f6st och kyla anl\u00e4nder.\u00a0En perfekt liten oas att kliva ut i en tidig sommarmorgon, k\u00e4nna\u00a0solen glida upp bakom tr\u00e4dtopparna och sila in mellan aspl\u00f6ven.<\/p>\n<p>Soffan fr\u00e5n hammocken vi hade ute i bers\u00e5n har vi h\u00e4ngt upp h\u00e4r, och gissa om den \u00e4r undersk\u00f6n att ta en tupplur i. Det finns inget sk\u00f6nare \u00e4n att f\u00e5 slumra i friska luften under en filt.\u00a0Kaninen har redan fattat tycke f\u00f6r den h\u00e4r nya platsen och vi har sv\u00e5rt att f\u00e5 in honom n\u00e4r vi m\u00e5ste st\u00e4nga d\u00f6rren.<\/p>\n<p style=\"text-align: center;\">\u2013\u00a0\u2665 \u2013<\/p>\n<p style=\"text-align: center;\">Peace<\/p>\n<p style=\"text-align: center;\">~ P ~<\/p>\n<pre style=\"text-align: center;\">{ Stor glasflaska, tr\u00e4pall, gr\u00f6n glasvas, ljusstake, \r\nvirkat \u00f6verkast - loppisfynd }<\/pre>\n","protected":false},"excerpt":{"rendered":"<p>\u2013\u00a0\u2665 \u2013 Under den h\u00e4r sommaren har vi (l\u00e4s mannen h\u00e4r i huset) snickrat p\u00e5 en ny veranda. Den str\u00e4cker sig ut fr\u00e5n \u00a0utbyggnaden bakom huset d\u00e4r vi har morgonsol. Tack vare den fina sensommaren som vi nu f\u00e5tt i augusti s\u00e5 har vi ocks\u00e5 kunnat f\u00e5 njuta lite av den f\u00e4rdiga verandan, innan h\u00f6st [&hellip;]<\/p>\n","protected":false},"author":1,"featured_media":0,"comment_status":"open","ping_status":"open","sticky":false,"template":"","format":"standard","meta":{"footnotes":""},"categories":[7],"tags":[235,948,151,594,22,23],"class_list":["post-6428","post","type-post","status-publish","format-standard","hentry","category-home-and-interior","tag-kanin","tag-oas","tag-sommar","tag-uteplats","tag-uterum","tag-veranda"],"_links":{"self":[{"href":"http:\/\/www.piah.se\/aspellhome\/wp-json\/wp\/v2\/posts\/6428"}],"collection":[{"href":"http:\/\/www.piah.se\/aspellhome\/wp-json\/wp\/v2\/posts"}],"about":[{"href":"http:\/\/www.piah.se\/aspellhome\/wp-json\/wp\/v2\/types\/post"}],"author":[{"embeddable":true,"href":"http:\/\/www.piah.se\/aspellhome\/wp-json\/wp\/v2\/users\/1"}],"replies":[{"embeddable":true,"href":"http:\/\/www.piah.se\/aspellhome\/wp-json\/wp\/v2\/comments?post=6428"}],"version-history":[{"count":4,"href":"http:\/\/www.piah.se\/aspellhome\/wp-json\/wp\/v2\/posts\/6428\/revisions"}],"predecessor-version":[{"id":6436,"href":"http:\/\/www.piah.se\/aspellhome\/wp-json\/wp\/v2\/posts\/6428\/revisions\/6436"}],"wp:attachment":[{"href":"http:\/\/www.piah.se\/aspellhome\/wp-json\/wp\/v2\/media?parent=6428"}],"wp:term":[{"taxonomy":"category","embeddable":true,"href":"http:\/\/www.piah.se\/aspellhome\/wp-json\/wp\/v2\/categories?post=6428"},{"taxonomy":"post_tag","embeddable":true,"href":"http:\/\/www.piah.se\/aspellhome\/wp-json\/wp\/v2\/tags?post=6428"}],"curies":[{"name":"wp","href":"https:\/\/api.w.org\/{rel}","templated":true}]}}