{"id":5739,"date":"2014-05-22T20:04:04","date_gmt":"2014-05-22T18:04:04","guid":{"rendered":"http:\/\/www.piah.se\/aspellhome\/?p=5739"},"modified":"2014-05-22T20:04:04","modified_gmt":"2014-05-22T18:04:04","slug":"veggies","status":"publish","type":"post","link":"http:\/\/www.piah.se\/aspellhome\/veggies\/","title":{"rendered":"Veggies"},"content":{"rendered":"<p><img loading=\"lazy\" decoding=\"async\" class=\"aligncenter wp-image-5740 size-full\" src=\"http:\/\/www.piah.se\/aspellhome\/wp-content\/uploads\/2014\/05\/Breeze.jpg\" alt=\"Breeze\" width=\"700\" height=\"972\" srcset=\"http:\/\/www.piah.se\/aspellhome\/wp-content\/uploads\/2014\/05\/Breeze.jpg 700w, http:\/\/www.piah.se\/aspellhome\/wp-content\/uploads\/2014\/05\/Breeze-292x405.jpg 292w\" sizes=\"(max-width: 700px) 100vw, 700px\" \/><\/p>\n<p><img loading=\"lazy\" decoding=\"async\" class=\"aligncenter wp-image-5741 size-full\" src=\"http:\/\/www.piah.se\/aspellhome\/wp-content\/uploads\/2014\/05\/First_taste_1.jpg\" alt=\"first taste of green\" width=\"700\" height=\"941\" srcset=\"http:\/\/www.piah.se\/aspellhome\/wp-content\/uploads\/2014\/05\/First_taste_1.jpg 700w, http:\/\/www.piah.se\/aspellhome\/wp-content\/uploads\/2014\/05\/First_taste_1-292x392.jpg 292w\" sizes=\"(max-width: 700px) 100vw, 700px\" \/><\/p>\n<p><img loading=\"lazy\" decoding=\"async\" class=\"aligncenter wp-image-5742 size-full\" src=\"http:\/\/www.piah.se\/aspellhome\/wp-content\/uploads\/2014\/05\/Sallad2.jpg\" alt=\"pastasallad\" width=\"700\" height=\"963\" srcset=\"http:\/\/www.piah.se\/aspellhome\/wp-content\/uploads\/2014\/05\/Sallad2.jpg 700w, http:\/\/www.piah.se\/aspellhome\/wp-content\/uploads\/2014\/05\/Sallad2-292x401.jpg 292w\" sizes=\"(max-width: 700px) 100vw, 700px\" \/><\/p>\n<div id=\"attachment_5743\" style=\"width: 710px\" class=\"wp-caption aligncenter\"><img loading=\"lazy\" decoding=\"async\" aria-describedby=\"caption-attachment-5743\" class=\"wp-image-5743 size-full\" src=\"http:\/\/www.piah.se\/aspellhome\/wp-content\/uploads\/2014\/05\/Sallad.jpg\" alt=\"veggie pasta salad\" width=\"700\" height=\"1005\" srcset=\"http:\/\/www.piah.se\/aspellhome\/wp-content\/uploads\/2014\/05\/Sallad.jpg 700w, http:\/\/www.piah.se\/aspellhome\/wp-content\/uploads\/2014\/05\/Sallad-292x419.jpg 292w\" sizes=\"(max-width: 700px) 100vw, 700px\" \/><p id=\"caption-attachment-5743\" class=\"wp-caption-text\">{ veggie pasta salad }<\/p><\/div>\n<p style=\"text-align: center;\"><span style=\"color: #666666;\">&#8211; \u2665 &#8211;\u00a0\u2665 &#8211;\u00a0\u2665\u00a0&#8211;<\/span><\/p>\n<p>F\u00f6rsta knippan\u00a0maskrosblad f\u00f6r i \u00e5r, smakar kanske lika gott f\u00f6r\u00a0Albin som min varma, vegetariska pastasallad gjorde f\u00f6r mig. Det \u00e4r n\u00e5got med pesto (min hemgjorda tomatpesto) och mozarella som g\u00f6r att jag n\u00e4stan skulle kunna \u00e4ta ihj\u00e4l mig p\u00e5 det.<\/p>\n<p>Det \u00e4r varmt\u00a0och kvavt\u00a0och det fl\u00e4ktar sk\u00f6nt att sitta i uterummet med \u00f6ppna f\u00f6nster och genomdrag. Undrar om\u00a0man ens t\u00f6rs s\u00e4ga, nu n\u00e4r sommaren \u00e4ntligen kommit, att det vore sk\u00f6nt med lite uppfriskande regn&#8230;<\/p>\n<p style=\"text-align: center;\"><span style=\"color: #666666;\">&#8211;\u00a0\u2665 &#8211;<\/span><\/p>\n<p style=\"text-align: center;\">~ P ~<\/p>\n","protected":false},"excerpt":{"rendered":"<p>&#8211; \u2665 &#8211;\u00a0\u2665 &#8211;\u00a0\u2665\u00a0&#8211; F\u00f6rsta knippan\u00a0maskrosblad f\u00f6r i \u00e5r, smakar kanske lika gott f\u00f6r\u00a0Albin som min varma, vegetariska pastasallad gjorde f\u00f6r mig. Det \u00e4r n\u00e5got med pesto (min hemgjorda tomatpesto) och mozarella som g\u00f6r att jag n\u00e4stan skulle kunna \u00e4ta ihj\u00e4l mig p\u00e5 det. Det \u00e4r varmt\u00a0och kvavt\u00a0och det fl\u00e4ktar sk\u00f6nt att sitta i uterummet [&hellip;]<\/p>\n","protected":false},"author":1,"featured_media":0,"comment_status":"open","ping_status":"open","sticky":false,"template":"","format":"standard","meta":{"footnotes":""},"categories":[5],"tags":[235,439,613,22],"class_list":["post-5739","post","type-post","status-publish","format-standard","hentry","category-taste-and-scent","tag-kanin","tag-mat","tag-sallad","tag-uterum"],"_links":{"self":[{"href":"http:\/\/www.piah.se\/aspellhome\/wp-json\/wp\/v2\/posts\/5739"}],"collection":[{"href":"http:\/\/www.piah.se\/aspellhome\/wp-json\/wp\/v2\/posts"}],"about":[{"href":"http:\/\/www.piah.se\/aspellhome\/wp-json\/wp\/v2\/types\/post"}],"author":[{"embeddable":true,"href":"http:\/\/www.piah.se\/aspellhome\/wp-json\/wp\/v2\/users\/1"}],"replies":[{"embeddable":true,"href":"http:\/\/www.piah.se\/aspellhome\/wp-json\/wp\/v2\/comments?post=5739"}],"version-history":[{"count":3,"href":"http:\/\/www.piah.se\/aspellhome\/wp-json\/wp\/v2\/posts\/5739\/revisions"}],"predecessor-version":[{"id":5746,"href":"http:\/\/www.piah.se\/aspellhome\/wp-json\/wp\/v2\/posts\/5739\/revisions\/5746"}],"wp:attachment":[{"href":"http:\/\/www.piah.se\/aspellhome\/wp-json\/wp\/v2\/media?parent=5739"}],"wp:term":[{"taxonomy":"category","embeddable":true,"href":"http:\/\/www.piah.se\/aspellhome\/wp-json\/wp\/v2\/categories?post=5739"},{"taxonomy":"post_tag","embeddable":true,"href":"http:\/\/www.piah.se\/aspellhome\/wp-json\/wp\/v2\/tags?post=5739"}],"curies":[{"name":"wp","href":"https:\/\/api.w.org\/{rel}","templated":true}]}}