{"id":5637,"date":"2014-03-30T11:37:45","date_gmt":"2014-03-30T09:37:45","guid":{"rendered":"http:\/\/www.piah.se\/aspellhome\/?p=5637"},"modified":"2014-03-30T11:39:23","modified_gmt":"2014-03-30T09:39:23","slug":"seeds-cream","status":"publish","type":"post","link":"http:\/\/www.piah.se\/aspellhome\/seeds-cream\/","title":{"rendered":"Seeds &#038; cream"},"content":{"rendered":"<p><img loading=\"lazy\" decoding=\"async\" class=\"alignnone size-full wp-image-5639\" alt=\"Seed crackers with tomato pesto\" src=\"http:\/\/www.piah.se\/aspellhome\/wp-content\/uploads\/2014\/03\/Tomatpesto_froknacke_1.jpg\" width=\"700\" height=\"558\" srcset=\"http:\/\/www.piah.se\/aspellhome\/wp-content\/uploads\/2014\/03\/Tomatpesto_froknacke_1.jpg 700w, http:\/\/www.piah.se\/aspellhome\/wp-content\/uploads\/2014\/03\/Tomatpesto_froknacke_1-292x233.jpg 292w\" sizes=\"(max-width: 700px) 100vw, 700px\" \/><\/p>\n<p><img loading=\"lazy\" decoding=\"async\" class=\"alignnone size-full wp-image-5640\" alt=\"Leilas fr\u00f6kn\u00e4cke med tomatpesto\" src=\"http:\/\/www.piah.se\/aspellhome\/wp-content\/uploads\/2014\/03\/Tomatpesto_froknacke_2.jpg\" width=\"700\" height=\"836\" srcset=\"http:\/\/www.piah.se\/aspellhome\/wp-content\/uploads\/2014\/03\/Tomatpesto_froknacke_2.jpg 700w, http:\/\/www.piah.se\/aspellhome\/wp-content\/uploads\/2014\/03\/Tomatpesto_froknacke_2-292x348.jpg 292w\" sizes=\"(max-width: 700px) 100vw, 700px\" \/><\/p>\n<p><img loading=\"lazy\" decoding=\"async\" class=\"alignnone size-full wp-image-5641\" alt=\"Fr\u00f6kn\u00e4cke\" src=\"http:\/\/www.piah.se\/aspellhome\/wp-content\/uploads\/2014\/03\/Froknacke.jpg\" width=\"700\" height=\"920\" srcset=\"http:\/\/www.piah.se\/aspellhome\/wp-content\/uploads\/2014\/03\/Froknacke.jpg 700w, http:\/\/www.piah.se\/aspellhome\/wp-content\/uploads\/2014\/03\/Froknacke-292x383.jpg 292w\" sizes=\"(max-width: 700px) 100vw, 700px\" \/><\/p>\n<p><img loading=\"lazy\" decoding=\"async\" class=\"alignnone size-full wp-image-5642\" alt=\"Weck_canning_jars\" src=\"http:\/\/www.piah.se\/aspellhome\/wp-content\/uploads\/2014\/03\/Weck_canning_jars.jpg\" width=\"700\" height=\"872\" srcset=\"http:\/\/www.piah.se\/aspellhome\/wp-content\/uploads\/2014\/03\/Weck_canning_jars.jpg 700w, http:\/\/www.piah.se\/aspellhome\/wp-content\/uploads\/2014\/03\/Weck_canning_jars-292x363.jpg 292w\" sizes=\"(max-width: 700px) 100vw, 700px\" \/><\/p>\n<p><img loading=\"lazy\" decoding=\"async\" class=\"alignnone size-full wp-image-5647\" alt=\"Panna cotta\" src=\"http:\/\/www.piah.se\/aspellhome\/wp-content\/uploads\/2014\/03\/Weck_pannacotta_te1.jpg\" width=\"700\" height=\"573\" srcset=\"http:\/\/www.piah.se\/aspellhome\/wp-content\/uploads\/2014\/03\/Weck_pannacotta_te1.jpg 700w, http:\/\/www.piah.se\/aspellhome\/wp-content\/uploads\/2014\/03\/Weck_pannacotta_te1-292x239.jpg 292w\" sizes=\"(max-width: 700px) 100vw, 700px\" \/><\/p>\n<p><img loading=\"lazy\" decoding=\"async\" class=\"alignnone size-full wp-image-5644\" alt=\"Weck_pannacotta\" src=\"http:\/\/www.piah.se\/aspellhome\/wp-content\/uploads\/2014\/03\/Weck_pannacotta.jpg\" width=\"700\" height=\"911\" srcset=\"http:\/\/www.piah.se\/aspellhome\/wp-content\/uploads\/2014\/03\/Weck_pannacotta.jpg 700w, http:\/\/www.piah.se\/aspellhome\/wp-content\/uploads\/2014\/03\/Weck_pannacotta-292x380.jpg 292w\" sizes=\"(max-width: 700px) 100vw, 700px\" \/><\/p>\n<p>V\u00e5rsolen inspirerar till utrensning, p\u00e5 alla plan. Jag drar fram som en virvelvind i hyllor, l\u00e5dor och sk\u00e5p och packar ner i kartonger f\u00f6r att s\u00e4lja p\u00e5 sommarens loppis.<\/p>\n<p>Det k\u00e4nns som att jag beh\u00f6ver ny luft och att f\u00e5 l\u00e4tta p\u00e5 den b\u00f6rda som allt materiellt egentligen \u00e4r. Jag t\u00e4nker att det nog h\u00e4nger ihop det d\u00e4r med att rensa i r\u00f6ran och f\u00e5 k\u00e4nna sig friare i sinnet.<\/p>\n<p>N\u00e4r jag k\u00e4nner mig s\u00e5d\u00e4r pysslig, s\u00e5 kommer ocks\u00e5 lusten att laga mat. Inga storverk, men \u00e4nd\u00e5, till skillnad fr\u00e5n att n\u00e4stan aldrig laga mat s\u00e5 \u00e4r det lite av en happening h\u00e4r hemma. Jag provade <a href=\"http:\/\/www.leila.se\/froknacke\/recept\/nyttigt\/index1,20.htm?id=4104\" target=\"_blank\">Leilas fr\u00f6kn\u00e4cke<\/a> och vi kunde n\u00e4stan inte sluta att \u00e4ta det med lite <a href=\"http:\/\/www.piah.se\/aspellhome\/http:\/www.piah.se\/aspellhome\/smaker-fran-en-helg\">hemgjord tomatpesto<\/a> p\u00e5. P\u00e5 det en ljuvligt len pannacotta med f\u00e4rska b\u00e4r.<\/p>\n<p style=\"text-align: center;\">&#8211; &#8211; &#8211;<\/p>\n<p style=\"text-align: center;\">~ P ~<\/p>\n<pre style=\"text-align: center;\">{ Weck canning jars and bottle, <a href=\"http:\/\/www.ekohemmet.se\/\" target=\"_blank\">Ekohemmet <\/a>}<\/pre>\n","protected":false},"excerpt":{"rendered":"<p>V\u00e5rsolen inspirerar till utrensning, p\u00e5 alla plan. Jag drar fram som en virvelvind i hyllor, l\u00e5dor och sk\u00e5p och packar ner i kartonger f\u00f6r att s\u00e4lja p\u00e5 sommarens loppis. Det k\u00e4nns som att jag beh\u00f6ver ny luft och att f\u00e5 l\u00e4tta p\u00e5 den b\u00f6rda som allt materiellt egentligen \u00e4r. Jag t\u00e4nker att det nog h\u00e4nger [&hellip;]<\/p>\n","protected":false},"author":1,"featured_media":0,"comment_status":"open","ping_status":"open","sticky":false,"template":"","format":"standard","meta":{"footnotes":""},"categories":[5],"tags":[463,165,439,462,874,535,878],"class_list":["post-5637","post","type-post","status-publish","format-standard","hentry","category-taste-and-scent","tag-dessert","tag-glasburkar","tag-mat","tag-pannacotta","tag-smaker","tag-tomatpesto","tag-weck"],"_links":{"self":[{"href":"http:\/\/www.piah.se\/aspellhome\/wp-json\/wp\/v2\/posts\/5637"}],"collection":[{"href":"http:\/\/www.piah.se\/aspellhome\/wp-json\/wp\/v2\/posts"}],"about":[{"href":"http:\/\/www.piah.se\/aspellhome\/wp-json\/wp\/v2\/types\/post"}],"author":[{"embeddable":true,"href":"http:\/\/www.piah.se\/aspellhome\/wp-json\/wp\/v2\/users\/1"}],"replies":[{"embeddable":true,"href":"http:\/\/www.piah.se\/aspellhome\/wp-json\/wp\/v2\/comments?post=5637"}],"version-history":[{"count":7,"href":"http:\/\/www.piah.se\/aspellhome\/wp-json\/wp\/v2\/posts\/5637\/revisions"}],"predecessor-version":[{"id":5651,"href":"http:\/\/www.piah.se\/aspellhome\/wp-json\/wp\/v2\/posts\/5637\/revisions\/5651"}],"wp:attachment":[{"href":"http:\/\/www.piah.se\/aspellhome\/wp-json\/wp\/v2\/media?parent=5637"}],"wp:term":[{"taxonomy":"category","embeddable":true,"href":"http:\/\/www.piah.se\/aspellhome\/wp-json\/wp\/v2\/categories?post=5637"},{"taxonomy":"post_tag","embeddable":true,"href":"http:\/\/www.piah.se\/aspellhome\/wp-json\/wp\/v2\/tags?post=5637"}],"curies":[{"name":"wp","href":"https:\/\/api.w.org\/{rel}","templated":true}]}}