{"id":4246,"date":"2013-01-21T18:54:35","date_gmt":"2013-01-21T17:54:35","guid":{"rendered":"http:\/\/www.piah.se\/aspellhome\/?p=4246"},"modified":"2017-02-11T17:51:01","modified_gmt":"2017-02-11T16:51:01","slug":"vardagslyx-och-vardagsskatter","status":"publish","type":"post","link":"http:\/\/www.piah.se\/aspellhome\/vardagslyx-och-vardagsskatter\/","title":{"rendered":"Vardagslyx och vardagsskatter"},"content":{"rendered":"<p><img loading=\"lazy\" decoding=\"async\" class=\"aligncenter size-full wp-image-4247\" alt=\"Tv\u00e5l, L:A Bruket, M\u00f6rk vanilj\" src=\"http:\/\/www.piah.se\/aspellhome\/wp-content\/uploads\/2013\/01\/Soap.jpg\" width=\"700\" height=\"885\" \/><\/p>\n<p>Den h\u00e4r tv\u00e5len luktar s\u00e5 gott s\u00e5 att\u00a0jag n\u00e4stan d\u00f6r lite varje g\u00e5ng jag anv\u00e4nder den. Lite dyr kan tyckas (ca 190 kr), men ibland \u00e4r det mysigt att skaffa sig lite enklare vardaslyx. Och den r\u00e4cker nog r\u00e4tt l\u00e4nge skulle jag tro. Inhandlad p\u00e5 Lantliv i Leksand ~\u00a0som ocks\u00e5\u00a0har\u00a0en <a href=\"http:\/\/webshop.lantlivinredning.se\/\" target=\"_blank\">webbshop som du hittar h\u00e4r<\/a>.<\/p>\n<p><img loading=\"lazy\" decoding=\"async\" class=\"aligncenter size-full wp-image-4249\" alt=\"Matsilver\" src=\"http:\/\/www.piah.se\/aspellhome\/wp-content\/uploads\/2013\/01\/Matsilver.jpg\" width=\"700\" height=\"885\" srcset=\"http:\/\/www.piah.se\/aspellhome\/wp-content\/uploads\/2013\/01\/Matsilver.jpg 700w, http:\/\/www.piah.se\/aspellhome\/wp-content\/uploads\/2013\/01\/Matsilver-292x369.jpg 292w\" sizes=\"(max-width: 700px) 100vw, 700px\" \/><\/p>\n<p>V\u00e4lbevarade och nyputsade silverbestick ~\u00a0hittade\u00a0p\u00e5 en liten antikbutik i centrala Leksand f\u00f6r endast 20 kronor per del. Tv\u00e5 oanv\u00e4nda och om\u00e4rkta gamla k\u00f6kshanddukar p\u00e5 en loppisbutik p\u00e5 v\u00e4gen hem, 35 kr styck.<\/p>\n<p><img loading=\"lazy\" decoding=\"async\" class=\"aligncenter size-full wp-image-4252\" alt=\"Litet bord\" src=\"http:\/\/www.piah.se\/aspellhome\/wp-content\/uploads\/2013\/01\/TurkosaBordet.jpg\" width=\"700\" height=\"700\" srcset=\"http:\/\/www.piah.se\/aspellhome\/wp-content\/uploads\/2013\/01\/TurkosaBordet.jpg 700w, http:\/\/www.piah.se\/aspellhome\/wp-content\/uploads\/2013\/01\/TurkosaBordet-120x120.jpg 120w, http:\/\/www.piah.se\/aspellhome\/wp-content\/uploads\/2013\/01\/TurkosaBordet-292x292.jpg 292w\" sizes=\"(max-width: 700px) 100vw, 700px\" \/><\/p>\n<p>Turkosgr\u00f6nt gammalt bord\/sideboard med hylla under, fyndat vid samma tillf\u00e4lle som <a href=\"http:\/\/www.piah.se\/aspellhome\/http:\/www.piah.se\/aspellhome\/forandringens-tid\">den blivande k\u00f6ks\u00f6n<\/a>. Jag gillar de h\u00e4r lite 50-talsaktiga pastellf\u00e4rgerna p\u00e5 n\u00e5got vis. Spegeln d\u00e4r bakom, med slipade kanter, har inte exakt samma nyans men de funkar ihop \u00e4nd\u00e5 tycker jag ~ hittad f\u00f6r en femtiolapp p\u00e5 en loppis i somras.<\/p>\n<p style=\"text-align: center;\">&#8211; &#8211; &#8211;<\/p>\n<p>Det \u00e4r alltid kul att hitta gamla bruksf\u00f6rem\u00e5l som praktiskt taget ser oanv\u00e4nda ut. Kan t\u00e4nka mig att m\u00e5nga &#8221;f\u00f6rr i v\u00e4rlden&#8221; sparade p\u00e5 finsilvret och handdukarna, s\u00e5 l\u00e4nge att det blev oanv\u00e4nt resten av livet. Jag har flera exempel p\u00e5 det bland mina egna f\u00f6rf\u00e4der (och f\u00f6rm\u00f6drar?).<\/p>\n<p>Sj\u00e4lv har jag t\u00e4nkt om n\u00e4r det g\u00e4ller s\u00e5 kallade finglas, finporslin och liknande. Varf\u00f6r inte anv\u00e4nda det medan man lever och kan njuta av det? G\u00e5r det s\u00f6nder eller slits ut s\u00e5 f\u00e5r det v\u00e4l vara s\u00e5. S\u00e5 f\u00e4st vid jordiska ting vill jag inte vara, s\u00e5 att det blir liggande helt\u00a0onyttjat.<\/p>\n<p>Nej, fram med finglasen och finsilvret i vardagen ist\u00e4llet. Det \u00e4r ju \u00e4nd\u00e5 mer gott om vardagar \u00e4n speciella tillf\u00e4llen h\u00e4r i livet ~ s\u00e5 varf\u00f6r inte g\u00f6ra varje dag speciell.<\/p>\n<p style=\"text-align: center;\">&#8211; &#8211; &#8211;<\/p>\n<p style=\"text-align: center;\">Ha en fin start p\u00e5 veckan<\/p>\n<p style=\"text-align: center;\">~ P ~<\/p>\n","protected":false},"excerpt":{"rendered":"<p>Den h\u00e4r tv\u00e5len luktar s\u00e5 gott s\u00e5 att\u00a0jag n\u00e4stan d\u00f6r lite varje g\u00e5ng jag anv\u00e4nder den. Lite dyr kan tyckas (ca 190 kr), men ibland \u00e4r det mysigt att skaffa sig lite enklare vardaslyx. Och den r\u00e4cker nog r\u00e4tt l\u00e4nge skulle jag tro. Inhandlad p\u00e5 Lantliv i Leksand ~\u00a0som ocks\u00e5\u00a0har\u00a0en webbshop som du hittar h\u00e4r. [&hellip;]<\/p>\n","protected":false},"author":1,"featured_media":0,"comment_status":"open","ping_status":"open","sticky":false,"template":"","format":"standard","meta":{"footnotes":""},"categories":[3],"tags":[745,743,152,434,713,744],"class_list":["post-4246","post","type-post","status-publish","format-standard","hentry","category-things-old-or-new","tag-kokshanddukar","tag-minibord","tag-nysilverbestick","tag-sideboard","tag-spegel","tag-tval"],"_links":{"self":[{"href":"http:\/\/www.piah.se\/aspellhome\/wp-json\/wp\/v2\/posts\/4246"}],"collection":[{"href":"http:\/\/www.piah.se\/aspellhome\/wp-json\/wp\/v2\/posts"}],"about":[{"href":"http:\/\/www.piah.se\/aspellhome\/wp-json\/wp\/v2\/types\/post"}],"author":[{"embeddable":true,"href":"http:\/\/www.piah.se\/aspellhome\/wp-json\/wp\/v2\/users\/1"}],"replies":[{"embeddable":true,"href":"http:\/\/www.piah.se\/aspellhome\/wp-json\/wp\/v2\/comments?post=4246"}],"version-history":[{"count":19,"href":"http:\/\/www.piah.se\/aspellhome\/wp-json\/wp\/v2\/posts\/4246\/revisions"}],"predecessor-version":[{"id":7015,"href":"http:\/\/www.piah.se\/aspellhome\/wp-json\/wp\/v2\/posts\/4246\/revisions\/7015"}],"wp:attachment":[{"href":"http:\/\/www.piah.se\/aspellhome\/wp-json\/wp\/v2\/media?parent=4246"}],"wp:term":[{"taxonomy":"category","embeddable":true,"href":"http:\/\/www.piah.se\/aspellhome\/wp-json\/wp\/v2\/categories?post=4246"},{"taxonomy":"post_tag","embeddable":true,"href":"http:\/\/www.piah.se\/aspellhome\/wp-json\/wp\/v2\/tags?post=4246"}],"curies":[{"name":"wp","href":"https:\/\/api.w.org\/{rel}","templated":true}]}}