{"id":3966,"date":"2012-11-12T18:59:45","date_gmt":"2012-11-12T17:59:45","guid":{"rendered":"http:\/\/www.piah.se\/aspellhome\/?p=3966"},"modified":"2020-08-17T11:57:02","modified_gmt":"2020-08-17T09:57:02","slug":"fyra-fran-forr-och-en-ny-pensel","status":"publish","type":"post","link":"http:\/\/www.piah.se\/aspellhome\/fyra-fran-forr-och-en-ny-pensel\/","title":{"rendered":"Fyra fr\u00e5n f\u00f6rr och en ny pensel"},"content":{"rendered":"<p><img loading=\"lazy\" decoding=\"async\" class=\"aligncenter size-full wp-image-3968\" title=\"Collage\" src=\"http:\/\/www.piah.se\/aspellhome\/wp-content\/uploads\/2012\/11\/Collage.jpg\" alt=\"\" width=\"700\" height=\"774\" \/><\/p>\n<div id=\"attachment_3969\" style=\"width: 710px\" class=\"wp-caption aligncenter\"><img loading=\"lazy\" decoding=\"async\" aria-describedby=\"caption-attachment-3969\" class=\"size-full wp-image-3969\" title=\"Godis\" src=\"http:\/\/www.piah.se\/aspellhome\/wp-content\/uploads\/2012\/11\/Godis.jpg\" alt=\"\" width=\"700\" height=\"926\" srcset=\"http:\/\/www.piah.se\/aspellhome\/wp-content\/uploads\/2012\/11\/Godis.jpg 700w, http:\/\/www.piah.se\/aspellhome\/wp-content\/uploads\/2012\/11\/Godis-292x386.jpg 292w\" sizes=\"(max-width: 700px) 100vw, 700px\" \/><p id=\"caption-attachment-3969\" class=\"wp-caption-text\">Chokladdryck p\u00e5 pinne<\/p><\/div>\n<p><img loading=\"lazy\" decoding=\"async\" class=\"aligncenter size-full wp-image-3970\" title=\"Boll\" src=\"http:\/\/www.piah.se\/aspellhome\/wp-content\/uploads\/2012\/11\/Boll.jpg\" alt=\"\" width=\"700\" height=\"926\" srcset=\"http:\/\/www.piah.se\/aspellhome\/wp-content\/uploads\/2012\/11\/Boll.jpg 700w, http:\/\/www.piah.se\/aspellhome\/wp-content\/uploads\/2012\/11\/Boll-292x386.jpg 292w\" sizes=\"(max-width: 700px) 100vw, 700px\" \/><\/p>\n<div id=\"attachment_3971\" style=\"width: 710px\" class=\"wp-caption aligncenter\"><img loading=\"lazy\" decoding=\"async\" aria-describedby=\"caption-attachment-3971\" class=\"size-full wp-image-3971\" title=\"Onions\" src=\"http:\/\/www.piah.se\/aspellhome\/wp-content\/uploads\/2012\/11\/Onions.jpg\" alt=\"\" width=\"700\" height=\"926\" srcset=\"http:\/\/www.piah.se\/aspellhome\/wp-content\/uploads\/2012\/11\/Onions.jpg 700w, http:\/\/www.piah.se\/aspellhome\/wp-content\/uploads\/2012\/11\/Onions-292x386.jpg 292w\" sizes=\"(max-width: 700px) 100vw, 700px\" \/><p id=\"caption-attachment-3971\" class=\"wp-caption-text\">L\u00f6kglasen har f\u00e5tt \u00e4nnu ett syskon sedan 2011. Snart dags f\u00f6r l\u00f6kar igen.<\/p><\/div>\n<div id=\"attachment_3972\" style=\"width: 710px\" class=\"wp-caption aligncenter\"><img loading=\"lazy\" decoding=\"async\" aria-describedby=\"caption-attachment-3972\" class=\"size-full wp-image-3972\" title=\"Pyssel\" src=\"http:\/\/www.piah.se\/aspellhome\/wp-content\/uploads\/2012\/11\/Pyssel.jpg\" alt=\"\" width=\"700\" height=\"515\" srcset=\"http:\/\/www.piah.se\/aspellhome\/wp-content\/uploads\/2012\/11\/Pyssel.jpg 700w, http:\/\/www.piah.se\/aspellhome\/wp-content\/uploads\/2012\/11\/Pyssel-292x214.jpg 292w\" sizes=\"(max-width: 700px) 100vw, 700px\" \/><p id=\"caption-attachment-3972\" class=\"wp-caption-text\">L\u00e4ngtar n\u00e4stan efter lite julpyssel igen<\/p><\/div>\n<p>&nbsp;<\/p>\n<p style=\"text-align: center;\">&#8211; &#8211; &#8211;<\/p>\n<p>Fotograferandet den h\u00e4r \u00e5rstiden \u00e4r till st\u00f6rre delen begr\u00e4nsat till helgerna, och mina fredagar. Att fota med blixt \u00e4r inte ett alternativ d\u00e5 jag vill anv\u00e4nda mig av det naturliga ljuset. Har funderingar p\u00e5 att inf\u00f6rskaffa n\u00e5gon sorts portabel fotostudio, en bakgrund p\u00e5 stativ eller n\u00e5t s\u00e5nt. Det kanske rent av finns lampor som ger ungef\u00e4r samma resultat som dagsljus? Jag f\u00e5r nog unders\u00f6ka saken.<\/p>\n<p>I brist p\u00e5 f\u00e4rska foton s\u00e5 f\u00e5r jag v\u00e4l, d\u00e5 och d\u00e5 tills vidare,\u00a0inf\u00f6ra\u00a0<em>Fyra fr\u00e5n f\u00f6rr<\/em>,\u00a0dvs k\u00f6ra lite recykling i bildarkivet och \u00e5teranv\u00e4nda \u00e4ldre foton. Alltid kul att ta fram gamla bilder, ge dem en liten makeover och nytt liv. Dagens bilder tog jag f\u00f6r ca ett \u00e5r sedan.<\/p>\n<p style=\"text-align: center;\">&#8211; &#8211; &#8211;<\/p>\n<p>Aprop\u00e5 bilder, s\u00e5 undrar jag lite vad ni andra har f\u00f6r t\u00e4nk runt sparandet av digitala foton? Det \u00e4r ju inte riktigt som f\u00f6rr l\u00e4ngre, n\u00e4r man hade pappersfoton i ett album eller i en l\u00e5da &#8211; om\u00f6jliga att \u00e5terf\u00e5 om negativen gick f\u00f6rlorade p\u00e5 n\u00e5got s\u00e4tt.<\/p>\n<p>Numera har man bilder i mobilen, i datorn,\u00a0i kameran och tillvaron \u00e4r\u00a0s\u00e5 v\u00e4ldokumenterad som det bara p\u00e5 n\u00e5got vis g\u00e5r &#8211; t.o.m. med sm\u00e5 filmklipp. Det \u00e4r s\u00e5 l\u00e4tt att bara fyra av sin iPhone och ta med sig sina \u00f6gonblick var man \u00e4n \u00e4r. Lagrade i moln, Dropbox\u00a0och andra Internetbaserade lagringsplatser s\u00e5 beh\u00f6ver vi knappt st\u00e5 f\u00f6r diskutrymmet l\u00e4ngre heller.<\/p>\n<p>Sj\u00e4lv\u00a0rensar jag mina foton r\u00e4tt h\u00e5rt emellan\u00e5t, b\u00e5de i iPhonen och p\u00e5 datorn. Jag sparar bara s\u00e5dant som verkligen \u00e4r minnen, eller foton som jag \u00e4r s\u00e4rskilt n\u00f6jd med. Det g\u00e5r bara inte att spara allt &#8211;\u00a0jag har snart fyllt min 500 GB-disk, s\u00e5 h\u00e4rn\u00e4st \u00e4r det dags f\u00f6r en terrabyte.<\/p>\n<p style=\"text-align: center;\">&#8211; &#8211; &#8211;<\/p>\n<pre style=\"text-align: center;\"><em>{\u00a0<a href=\"http:\/\/www.piah.se\/http:\/www.piah.se\/kalenderpenslar-for-2013\" target=\"_blank\" rel=\"noopener noreferrer\">Kalenderpenslarna f\u00f6r Photoshop hittar du h\u00e4r\u00a0<\/a>}<\/em><\/pre>\n<p style=\"text-align: center;\">&#8211; &#8211; &#8211;<\/p>\n<p style=\"text-align: center;\">Tack f\u00f6r titten idag d\u00e5<\/p>\n<p style=\"text-align: center;\">~ P ~<\/p>\n","protected":false},"excerpt":{"rendered":"<p>&nbsp; &#8211; &#8211; &#8211; Fotograferandet den h\u00e4r \u00e5rstiden \u00e4r till st\u00f6rre delen begr\u00e4nsat till helgerna, och mina fredagar. Att fota med blixt \u00e4r inte ett alternativ d\u00e5 jag vill anv\u00e4nda mig av det naturliga ljuset. Har funderingar p\u00e5 att inf\u00f6rskaffa n\u00e5gon sorts portabel fotostudio, en bakgrund p\u00e5 stativ eller n\u00e5t s\u00e5nt. Det kanske rent av [&hellip;]<\/p>\n","protected":false},"author":1,"featured_media":0,"comment_status":"open","ping_status":"open","sticky":false,"template":"","format":"standard","meta":{"footnotes":""},"categories":[7],"tags":[718,402,717,414,161],"class_list":["post-3966","post","type-post","status-publish","format-standard","hentry","category-home-and-interior","tag-chokladdryck","tag-kvistboll","tag-lokglas","tag-photoshop","tag-pyssel"],"_links":{"self":[{"href":"http:\/\/www.piah.se\/aspellhome\/wp-json\/wp\/v2\/posts\/3966"}],"collection":[{"href":"http:\/\/www.piah.se\/aspellhome\/wp-json\/wp\/v2\/posts"}],"about":[{"href":"http:\/\/www.piah.se\/aspellhome\/wp-json\/wp\/v2\/types\/post"}],"author":[{"embeddable":true,"href":"http:\/\/www.piah.se\/aspellhome\/wp-json\/wp\/v2\/users\/1"}],"replies":[{"embeddable":true,"href":"http:\/\/www.piah.se\/aspellhome\/wp-json\/wp\/v2\/comments?post=3966"}],"version-history":[{"count":18,"href":"http:\/\/www.piah.se\/aspellhome\/wp-json\/wp\/v2\/posts\/3966\/revisions"}],"predecessor-version":[{"id":7889,"href":"http:\/\/www.piah.se\/aspellhome\/wp-json\/wp\/v2\/posts\/3966\/revisions\/7889"}],"wp:attachment":[{"href":"http:\/\/www.piah.se\/aspellhome\/wp-json\/wp\/v2\/media?parent=3966"}],"wp:term":[{"taxonomy":"category","embeddable":true,"href":"http:\/\/www.piah.se\/aspellhome\/wp-json\/wp\/v2\/categories?post=3966"},{"taxonomy":"post_tag","embeddable":true,"href":"http:\/\/www.piah.se\/aspellhome\/wp-json\/wp\/v2\/tags?post=3966"}],"curies":[{"name":"wp","href":"https:\/\/api.w.org\/{rel}","templated":true}]}}