{"id":3946,"date":"2012-11-09T08:10:57","date_gmt":"2012-11-09T07:10:57","guid":{"rendered":"http:\/\/www.piah.se\/aspellhome\/?p=3946"},"modified":"2017-02-11T17:34:05","modified_gmt":"2017-02-11T16:34:05","slug":"den-frusna-med-ett-tips","status":"publish","type":"post","link":"http:\/\/www.piah.se\/aspellhome\/den-frusna-med-ett-tips\/","title":{"rendered":"Den frusna med ett tips"},"content":{"rendered":"<p><img loading=\"lazy\" decoding=\"async\" class=\"aligncenter size-large wp-image-3947\" title=\"TheFrozen\" src=\"http:\/\/www.piah.se\/aspellhome\/wp-content\/uploads\/2012\/11\/TheFrozen-700x990.jpg\" alt=\"\" width=\"700\" height=\"990\" \/><\/p>\n<p>&nbsp;<\/p>\n<p>Den frusna &#8211; det \u00e4r jag det. N\u00e4r vinterkylan b\u00f6rjar komma \u00e4r det som att kroppen f\u00f6rbereder sig f\u00f6r att g\u00e5 i ide. All ytlig kroppsv\u00e4rme dras in\u00e5t och h\u00e4nder och f\u00f6tter blir iskalla. Jag sover helst med sockor och ser ut som en stickad tr\u00f6ja hela jag. P\u00e5p\u00e4lsad fr\u00e5n topp till t\u00e5, och \u00e4nd\u00e5 har det bara krupit ner p\u00e5 n\u00e5gra f\u00e5 minus hittills.<\/p>\n<p>N\u00e4r det nu \u00e4nd\u00e5 ska vara kallt och vinter, s\u00e5 kan det v\u00e4l f\u00e5 komma lite sn\u00f6? Jag l\u00e4ngtar efter ljusare ljus och den mjukt ljudd\u00e4mpande effekten, som vadd som b\u00e4ddar in och stoppar om oss frusna. Jag sprider lite egna sn\u00f6flingor, s\u00e5 f\u00e5r vi se om v\u00e4dergudarna h\u00f6r min \u00f6nskan&#8230;<\/p>\n<p style=\"text-align: center;\">&#8211; &#8211; &#8211;<\/p>\n<p style=\"text-align: center;\">H\u00e4romdagen fick jag ett mail fr\u00e5n Society6.com.<br \/>\nJag har s\u00e5lt mitt f\u00f6rsta egendesignade iPhone-skal!<\/p>\n<p><img loading=\"lazy\" decoding=\"async\" class=\"aligncenter size-full wp-image-3949\" title=\"iPhoneCaseSold\" src=\"http:\/\/www.piah.se\/aspellhome\/wp-content\/uploads\/2012\/11\/iPhoneCaseSold.jpg\" alt=\"\" width=\"700\" height=\"475\" srcset=\"http:\/\/www.piah.se\/aspellhome\/wp-content\/uploads\/2012\/11\/iPhoneCaseSold.jpg 700w, http:\/\/www.piah.se\/aspellhome\/wp-content\/uploads\/2012\/11\/iPhoneCaseSold-292x198.jpg 292w\" sizes=\"(max-width: 700px) 100vw, 700px\" \/><\/p>\n<p style=\"text-align: center;\"><a href=\"http:\/\/society6.com\/PiaHedAspell?promo=8fec90\" target=\"_blank\">\u00a0Vill du titta mer vad som finns av mina bilder, kan du kika in h\u00e4r \u00bb<\/a><\/p>\n<p style=\"text-align: center;\">~ iPhone-skal, enklare prints m.m. ~<\/p>\n<p style=\"text-align: center;\">Just nu \u00e4r det ocks\u00e5 lite rabatt p\u00e5 grejerna &#8211; hela helgen.<\/p>\n<p style=\"text-align: center;\"><img loading=\"lazy\" decoding=\"async\" class=\"aligncenter size-full wp-image-3950\" title=\"Ballet\" src=\"http:\/\/www.piah.se\/aspellhome\/wp-content\/uploads\/2012\/11\/Ballet.jpg\" alt=\"\" width=\"700\" height=\"861\" srcset=\"http:\/\/www.piah.se\/aspellhome\/wp-content\/uploads\/2012\/11\/Ballet.jpg 700w, http:\/\/www.piah.se\/aspellhome\/wp-content\/uploads\/2012\/11\/Ballet-292x359.jpg 292w\" sizes=\"(max-width: 700px) 100vw, 700px\" \/><\/p>\n<p style=\"text-align: center;\">&#8211; &#8211; &#8211;<\/p>\n<p style=\"text-align: center;\">Ha en fin helg!<\/p>\n<p style=\"text-align: center;\">~ P ~<\/p>\n<p>&nbsp;<\/p>\n","protected":false},"excerpt":{"rendered":"<p>&nbsp; Den frusna &#8211; det \u00e4r jag det. N\u00e4r vinterkylan b\u00f6rjar komma \u00e4r det som att kroppen f\u00f6rbereder sig f\u00f6r att g\u00e5 i ide. All ytlig kroppsv\u00e4rme dras in\u00e5t och h\u00e4nder och f\u00f6tter blir iskalla. Jag sover helst med sockor och ser ut som en stickad tr\u00f6ja hela jag. P\u00e5p\u00e4lsad fr\u00e5n topp till t\u00e5, och [&hellip;]<\/p>\n","protected":false},"author":1,"featured_media":0,"comment_status":"open","ping_status":"open","sticky":false,"template":"","format":"standard","meta":{"footnotes":""},"categories":[157],"tags":[716,715,487,714],"class_list":["post-3946","post","type-post","status-publish","format-standard","hentry","category-creativity","tag-iphone-skal","tag-prints","tag-sjalvportratt","tag-society6"],"_links":{"self":[{"href":"http:\/\/www.piah.se\/aspellhome\/wp-json\/wp\/v2\/posts\/3946"}],"collection":[{"href":"http:\/\/www.piah.se\/aspellhome\/wp-json\/wp\/v2\/posts"}],"about":[{"href":"http:\/\/www.piah.se\/aspellhome\/wp-json\/wp\/v2\/types\/post"}],"author":[{"embeddable":true,"href":"http:\/\/www.piah.se\/aspellhome\/wp-json\/wp\/v2\/users\/1"}],"replies":[{"embeddable":true,"href":"http:\/\/www.piah.se\/aspellhome\/wp-json\/wp\/v2\/comments?post=3946"}],"version-history":[{"count":16,"href":"http:\/\/www.piah.se\/aspellhome\/wp-json\/wp\/v2\/posts\/3946\/revisions"}],"predecessor-version":[{"id":7005,"href":"http:\/\/www.piah.se\/aspellhome\/wp-json\/wp\/v2\/posts\/3946\/revisions\/7005"}],"wp:attachment":[{"href":"http:\/\/www.piah.se\/aspellhome\/wp-json\/wp\/v2\/media?parent=3946"}],"wp:term":[{"taxonomy":"category","embeddable":true,"href":"http:\/\/www.piah.se\/aspellhome\/wp-json\/wp\/v2\/categories?post=3946"},{"taxonomy":"post_tag","embeddable":true,"href":"http:\/\/www.piah.se\/aspellhome\/wp-json\/wp\/v2\/tags?post=3946"}],"curies":[{"name":"wp","href":"https:\/\/api.w.org\/{rel}","templated":true}]}}