{"id":3605,"date":"2012-09-11T18:55:02","date_gmt":"2012-09-11T16:55:02","guid":{"rendered":"http:\/\/www.piah.se\/aspellhome\/?p=3605"},"modified":"2012-09-11T18:55:02","modified_gmt":"2012-09-11T16:55:02","slug":"utflykt-till-sagoskogen","status":"publish","type":"post","link":"http:\/\/www.piah.se\/aspellhome\/utflykt-till-sagoskogen\/","title":{"rendered":"Utflykt till sagoskogen"},"content":{"rendered":"<p><img loading=\"lazy\" decoding=\"async\" class=\"aligncenter size-full wp-image-3607\" title=\"Fika\" src=\"http:\/\/www.piah.se\/aspellhome\/wp-content\/uploads\/2012\/09\/Fika.jpg\" alt=\"\" width=\"650\" height=\"515\" srcset=\"http:\/\/www.piah.se\/aspellhome\/wp-content\/uploads\/2012\/09\/Fika.jpg 650w, http:\/\/www.piah.se\/aspellhome\/wp-content\/uploads\/2012\/09\/Fika-292x231.jpg 292w\" sizes=\"(max-width: 650px) 100vw, 650px\" \/><\/p>\n<p><img loading=\"lazy\" decoding=\"async\" class=\"aligncenter size-full wp-image-3608\" title=\"Humlan\" src=\"http:\/\/www.piah.se\/aspellhome\/wp-content\/uploads\/2012\/09\/Humlan.jpg\" alt=\"\" width=\"650\" height=\"650\" srcset=\"http:\/\/www.piah.se\/aspellhome\/wp-content\/uploads\/2012\/09\/Humlan.jpg 650w, http:\/\/www.piah.se\/aspellhome\/wp-content\/uploads\/2012\/09\/Humlan-120x120.jpg 120w, http:\/\/www.piah.se\/aspellhome\/wp-content\/uploads\/2012\/09\/Humlan-292x292.jpg 292w, http:\/\/www.piah.se\/aspellhome\/wp-content\/uploads\/2012\/09\/Humlan-625x625.jpg 625w\" sizes=\"(max-width: 650px) 100vw, 650px\" \/><\/p>\n<p><img loading=\"lazy\" decoding=\"async\" class=\"aligncenter size-full wp-image-3609\" title=\"Butterfly\" src=\"http:\/\/www.piah.se\/aspellhome\/wp-content\/uploads\/2012\/09\/Butterfly_3.jpg\" alt=\"\" width=\"650\" height=\"650\" srcset=\"http:\/\/www.piah.se\/aspellhome\/wp-content\/uploads\/2012\/09\/Butterfly_3.jpg 650w, http:\/\/www.piah.se\/aspellhome\/wp-content\/uploads\/2012\/09\/Butterfly_3-120x120.jpg 120w, http:\/\/www.piah.se\/aspellhome\/wp-content\/uploads\/2012\/09\/Butterfly_3-292x292.jpg 292w, http:\/\/www.piah.se\/aspellhome\/wp-content\/uploads\/2012\/09\/Butterfly_3-625x625.jpg 625w\" sizes=\"(max-width: 650px) 100vw, 650px\" \/><\/p>\n<p><img loading=\"lazy\" decoding=\"async\" class=\"aligncenter size-full wp-image-3610\" title=\"Butterfly\" src=\"http:\/\/www.piah.se\/aspellhome\/wp-content\/uploads\/2012\/09\/Butterfly_4.jpg\" alt=\"\" width=\"650\" height=\"789\" srcset=\"http:\/\/www.piah.se\/aspellhome\/wp-content\/uploads\/2012\/09\/Butterfly_4.jpg 650w, http:\/\/www.piah.se\/aspellhome\/wp-content\/uploads\/2012\/09\/Butterfly_4-292x354.jpg 292w, http:\/\/www.piah.se\/aspellhome\/wp-content\/uploads\/2012\/09\/Butterfly_4-625x758.jpg 625w\" sizes=\"(max-width: 650px) 100vw, 650px\" \/><\/p>\n<p><img loading=\"lazy\" decoding=\"async\" class=\"aligncenter size-full wp-image-3611\" title=\"TheCreek\" src=\"http:\/\/www.piah.se\/aspellhome\/wp-content\/uploads\/2012\/09\/TheCreek.jpg\" alt=\"\" width=\"650\" height=\"896\" srcset=\"http:\/\/www.piah.se\/aspellhome\/wp-content\/uploads\/2012\/09\/TheCreek.jpg 650w, http:\/\/www.piah.se\/aspellhome\/wp-content\/uploads\/2012\/09\/TheCreek-292x402.jpg 292w, http:\/\/www.piah.se\/aspellhome\/wp-content\/uploads\/2012\/09\/TheCreek-625x861.jpg 625w\" sizes=\"(max-width: 650px) 100vw, 650px\" \/><\/p>\n<p><img loading=\"lazy\" decoding=\"async\" class=\"aligncenter size-full wp-image-3612\" title=\"The winding creek\" src=\"http:\/\/www.piah.se\/aspellhome\/wp-content\/uploads\/2012\/09\/TheCreek_2.jpg\" alt=\"\" width=\"650\" height=\"896\" srcset=\"http:\/\/www.piah.se\/aspellhome\/wp-content\/uploads\/2012\/09\/TheCreek_2.jpg 650w, http:\/\/www.piah.se\/aspellhome\/wp-content\/uploads\/2012\/09\/TheCreek_2-292x402.jpg 292w, http:\/\/www.piah.se\/aspellhome\/wp-content\/uploads\/2012\/09\/TheCreek_2-625x861.jpg 625w\" sizes=\"(max-width: 650px) 100vw, 650px\" \/><\/p>\n<p><img loading=\"lazy\" decoding=\"async\" class=\"aligncenter size-full wp-image-3613\" title=\"Water\" src=\"http:\/\/www.piah.se\/aspellhome\/wp-content\/uploads\/2012\/09\/TheCreek_3.jpg\" alt=\"\" width=\"650\" height=\"896\" srcset=\"http:\/\/www.piah.se\/aspellhome\/wp-content\/uploads\/2012\/09\/TheCreek_3.jpg 650w, http:\/\/www.piah.se\/aspellhome\/wp-content\/uploads\/2012\/09\/TheCreek_3-292x402.jpg 292w, http:\/\/www.piah.se\/aspellhome\/wp-content\/uploads\/2012\/09\/TheCreek_3-625x861.jpg 625w\" sizes=\"(max-width: 650px) 100vw, 650px\" \/><\/p>\n<p>Det vackra v\u00e4dret i l\u00f6rdags lockade till en spontan utflykt. Fika och sm\u00f6rg\u00e5sar i picknick-korgen, och utrustad med b\u00e5de kamera och gummist\u00f6vlar. Jag k\u00e4nde f\u00f6r att se lite skog, s\u00e5 vi drog mot f\u00e4bodarna i mina hemtrakter.<\/p>\n<p>Jag har minnen av en \u00e5, d\u00e4r flodmusslor en g\u00e5ng funnits. En vacker gl\u00e4nta d\u00e4r jag varit n\u00e5gra f\u00e5 g\u00e5nger i mitt liv, men som alltid finns med mig. Det \u00e4r n\u00e5got speciellt med sm\u00e5 \u00e5ar. N\u00e4r jag st\u00e5r d\u00e4r och tittar s\u00e5 l\u00e5ngt jag kan f\u00f6lja det porlande vattnet med blicken, s\u00e5 \u00e4r det n\u00e5gon sorts sp\u00e4nning i var den tar v\u00e4gen, och en \u00f6nskan om att kunna f\u00f6lja med.<\/p>\n<p>N\u00e4r jag var liten dr\u00f6mde jag ofta om att f\u00e5 paddla l\u00e4ngs en smal \u00e5. En \u00e5 som \u00e4r s\u00e5 smal att man n\u00e4stan n\u00e5r stranden p\u00e5 b\u00e5da sidor. Eller \u00e4nnu\u00a0hellre en flotte eller husb\u00e5t.<\/p>\n<p>En humla strandar p\u00e5 min hand mitt i fotandet, och som i en saga sl\u00e5r sig \u00e4ven fj\u00e4rilar ned alldeles inom r\u00e4ckh\u00e5ll. Glad att jag f\u00f6r dagen moterat zoomobjektivet med macro, som jag knappt anv\u00e4nt.<\/p>\n<p style=\"text-align: center;\">&#8211; &#8211; &#8211;<\/p>\n<p style=\"text-align: center;\">&#8211; Ha en alldeles sagolik vecka &#8211;<\/p>\n<p style=\"text-align: center;\">~ P ~<\/p>\n","protected":false},"excerpt":{"rendered":"<p>Det vackra v\u00e4dret i l\u00f6rdags lockade till en spontan utflykt. Fika och sm\u00f6rg\u00e5sar i picknick-korgen, och utrustad med b\u00e5de kamera och gummist\u00f6vlar. Jag k\u00e4nde f\u00f6r att se lite skog, s\u00e5 vi drog mot f\u00e4bodarna i mina hemtrakter. Jag har minnen av en \u00e5, d\u00e4r flodmusslor en g\u00e5ng funnits. En vacker gl\u00e4nta d\u00e4r jag varit n\u00e5gra [&hellip;]<\/p>\n","protected":false},"author":1,"featured_media":0,"comment_status":"open","ping_status":"open","sticky":false,"template":"","format":"standard","meta":{"footnotes":""},"categories":[9],"tags":[665,667,628,219,663,242,664],"class_list":["post-3605","post","type-post","status-publish","format-standard","hentry","category-travel-hikes","tag-back","tag-fjarilar","tag-humla","tag-natur","tag-skog","tag-utflykt","tag-vattendrag"],"_links":{"self":[{"href":"http:\/\/www.piah.se\/aspellhome\/wp-json\/wp\/v2\/posts\/3605"}],"collection":[{"href":"http:\/\/www.piah.se\/aspellhome\/wp-json\/wp\/v2\/posts"}],"about":[{"href":"http:\/\/www.piah.se\/aspellhome\/wp-json\/wp\/v2\/types\/post"}],"author":[{"embeddable":true,"href":"http:\/\/www.piah.se\/aspellhome\/wp-json\/wp\/v2\/users\/1"}],"replies":[{"embeddable":true,"href":"http:\/\/www.piah.se\/aspellhome\/wp-json\/wp\/v2\/comments?post=3605"}],"version-history":[{"count":6,"href":"http:\/\/www.piah.se\/aspellhome\/wp-json\/wp\/v2\/posts\/3605\/revisions"}],"predecessor-version":[{"id":3618,"href":"http:\/\/www.piah.se\/aspellhome\/wp-json\/wp\/v2\/posts\/3605\/revisions\/3618"}],"wp:attachment":[{"href":"http:\/\/www.piah.se\/aspellhome\/wp-json\/wp\/v2\/media?parent=3605"}],"wp:term":[{"taxonomy":"category","embeddable":true,"href":"http:\/\/www.piah.se\/aspellhome\/wp-json\/wp\/v2\/categories?post=3605"},{"taxonomy":"post_tag","embeddable":true,"href":"http:\/\/www.piah.se\/aspellhome\/wp-json\/wp\/v2\/tags?post=3605"}],"curies":[{"name":"wp","href":"https:\/\/api.w.org\/{rel}","templated":true}]}}