{"id":3506,"date":"2012-08-31T17:48:04","date_gmt":"2012-08-31T15:48:04","guid":{"rendered":"http:\/\/www.piah.se\/aspellhome\/?p=3506"},"modified":"2017-02-11T17:36:12","modified_gmt":"2017-02-11T16:36:12","slug":"froken-ensam-hemma","status":"publish","type":"post","link":"http:\/\/www.piah.se\/aspellhome\/froken-ensam-hemma\/","title":{"rendered":"Fr\u00f6ken ensam hemma"},"content":{"rendered":"<p><img loading=\"lazy\" decoding=\"async\" class=\"aligncenter size-full wp-image-3507\" title=\"A walk in the clouds\" src=\"http:\/\/www.piah.se\/aspellhome\/wp-content\/uploads\/2012\/08\/Cloudwalk.jpg\" alt=\"\" width=\"640\" height=\"887\" \/><br \/>\n<img loading=\"lazy\" decoding=\"async\" class=\"aligncenter size-full wp-image-3515\" title=\"The Cloud (part of) by Percy Bysshe Shelley\" src=\"http:\/\/www.piah.se\/aspellhome\/wp-content\/uploads\/2012\/08\/TheCloud1.jpg\" alt=\"\" width=\"640\" height=\"859\" srcset=\"http:\/\/www.piah.se\/aspellhome\/wp-content\/uploads\/2012\/08\/TheCloud1.jpg 640w, http:\/\/www.piah.se\/aspellhome\/wp-content\/uploads\/2012\/08\/TheCloud1-292x391.jpg 292w, http:\/\/www.piah.se\/aspellhome\/wp-content\/uploads\/2012\/08\/TheCloud1-625x838.jpg 625w\" sizes=\"(max-width: 640px) 100vw, 640px\" \/><\/p>\n<p><img loading=\"lazy\" decoding=\"async\" class=\"aligncenter size-full wp-image-3509\" title=\"Veil\" src=\"http:\/\/www.piah.se\/aspellhome\/wp-content\/uploads\/2012\/08\/Veil.jpg\" alt=\"\" width=\"640\" height=\"868\" srcset=\"http:\/\/www.piah.se\/aspellhome\/wp-content\/uploads\/2012\/08\/Veil.jpg 640w, http:\/\/www.piah.se\/aspellhome\/wp-content\/uploads\/2012\/08\/Veil-292x396.jpg 292w, http:\/\/www.piah.se\/aspellhome\/wp-content\/uploads\/2012\/08\/Veil-625x847.jpg 625w\" sizes=\"(max-width: 640px) 100vw, 640px\" \/><\/p>\n<p><img loading=\"lazy\" decoding=\"async\" class=\"aligncenter size-full wp-image-3510\" title=\"Veil_2\" src=\"http:\/\/www.piah.se\/aspellhome\/wp-content\/uploads\/2012\/08\/Veil_2.jpg\" alt=\"\" width=\"640\" height=\"640\" srcset=\"http:\/\/www.piah.se\/aspellhome\/wp-content\/uploads\/2012\/08\/Veil_2.jpg 640w, http:\/\/www.piah.se\/aspellhome\/wp-content\/uploads\/2012\/08\/Veil_2-120x120.jpg 120w, http:\/\/www.piah.se\/aspellhome\/wp-content\/uploads\/2012\/08\/Veil_2-292x292.jpg 292w, http:\/\/www.piah.se\/aspellhome\/wp-content\/uploads\/2012\/08\/Veil_2-625x625.jpg 625w\" sizes=\"(max-width: 640px) 100vw, 640px\" \/><\/p>\n<p><img loading=\"lazy\" decoding=\"async\" class=\"aligncenter size-full wp-image-3511\" title=\"Bare feet\" src=\"http:\/\/www.piah.se\/aspellhome\/wp-content\/uploads\/2012\/08\/OnALadder.jpg\" alt=\"\" width=\"640\" height=\"825\" srcset=\"http:\/\/www.piah.se\/aspellhome\/wp-content\/uploads\/2012\/08\/OnALadder.jpg 640w, http:\/\/www.piah.se\/aspellhome\/wp-content\/uploads\/2012\/08\/OnALadder-292x376.jpg 292w, http:\/\/www.piah.se\/aspellhome\/wp-content\/uploads\/2012\/08\/OnALadder-625x805.jpg 625w\" sizes=\"(max-width: 640px) 100vw, 640px\" \/><\/p>\n<p><img loading=\"lazy\" decoding=\"async\" class=\"aligncenter size-full wp-image-3512\" title=\"Skullbracelet\" src=\"http:\/\/www.piah.se\/aspellhome\/wp-content\/uploads\/2012\/08\/Skullbracelet.jpg\" alt=\"\" width=\"640\" height=\"640\" srcset=\"http:\/\/www.piah.se\/aspellhome\/wp-content\/uploads\/2012\/08\/Skullbracelet.jpg 640w, http:\/\/www.piah.se\/aspellhome\/wp-content\/uploads\/2012\/08\/Skullbracelet-120x120.jpg 120w, http:\/\/www.piah.se\/aspellhome\/wp-content\/uploads\/2012\/08\/Skullbracelet-292x292.jpg 292w, http:\/\/www.piah.se\/aspellhome\/wp-content\/uploads\/2012\/08\/Skullbracelet-625x625.jpg 625w\" sizes=\"(max-width: 640px) 100vw, 640px\" \/><\/p>\n<p>Minns en tv-serie fr\u00e5n barndomen ~ <em>fr\u00f6ken ensam hemma \u00e5ker gungstol<\/em>. En liten flickas rum f\u00f6rvandlas till en fantasiv\u00e4rld varje g\u00e5ng hon \u00e4r ensam hemma. Lite s\u00e5 blir det f\u00f6r mig ibland n\u00e4r jag blir ensam n\u00e5gon timme. Idag f\u00f6rvandlades fredageftermiddagen till n\u00e5got ljust och fluffigt, inspirerat av molnformationer och skira spetstyger.<\/p>\n<p style=\"text-align: center;\">&#8211; &#8211; &#8211;<\/p>\n<p style=\"text-align: center;\">\u00c4lskade fredag \u00e4r h\u00e4r, och h\u00e4r hemma betyder det<br \/>\nfilm och soffh\u00e4ng med n\u00e5got njutbart att f\u00f6rt\u00e4ra =)<br \/>\n\u00d6nskar dig en fin kv\u00e4ll<\/p>\n<p style=\"text-align: center;\">~ P\u00a0 ~<\/p>\n","protected":false},"excerpt":{"rendered":"<p>Minns en tv-serie fr\u00e5n barndomen ~ fr\u00f6ken ensam hemma \u00e5ker gungstol. En liten flickas rum f\u00f6rvandlas till en fantasiv\u00e4rld varje g\u00e5ng hon \u00e4r ensam hemma. Lite s\u00e5 blir det f\u00f6r mig ibland n\u00e4r jag blir ensam n\u00e5gon timme. Idag f\u00f6rvandlades fredageftermiddagen till n\u00e5got ljust och fluffigt, inspirerat av molnformationer och skira spetstyger. &#8211; &#8211; &#8211; [&hellip;]<\/p>\n","protected":false},"author":1,"featured_media":0,"comment_status":"open","ping_status":"open","sticky":false,"template":"","format":"standard","meta":{"footnotes":""},"categories":[157],"tags":[374,539,644,339,643],"class_list":["post-3506","post","type-post","status-publish","format-standard","hentry","category-creativity","tag-armband","tag-balett","tag-barfota","tag-dodskalle","tag-spetstyg"],"_links":{"self":[{"href":"http:\/\/www.piah.se\/aspellhome\/wp-json\/wp\/v2\/posts\/3506"}],"collection":[{"href":"http:\/\/www.piah.se\/aspellhome\/wp-json\/wp\/v2\/posts"}],"about":[{"href":"http:\/\/www.piah.se\/aspellhome\/wp-json\/wp\/v2\/types\/post"}],"author":[{"embeddable":true,"href":"http:\/\/www.piah.se\/aspellhome\/wp-json\/wp\/v2\/users\/1"}],"replies":[{"embeddable":true,"href":"http:\/\/www.piah.se\/aspellhome\/wp-json\/wp\/v2\/comments?post=3506"}],"version-history":[{"count":12,"href":"http:\/\/www.piah.se\/aspellhome\/wp-json\/wp\/v2\/posts\/3506\/revisions"}],"predecessor-version":[{"id":3528,"href":"http:\/\/www.piah.se\/aspellhome\/wp-json\/wp\/v2\/posts\/3506\/revisions\/3528"}],"wp:attachment":[{"href":"http:\/\/www.piah.se\/aspellhome\/wp-json\/wp\/v2\/media?parent=3506"}],"wp:term":[{"taxonomy":"category","embeddable":true,"href":"http:\/\/www.piah.se\/aspellhome\/wp-json\/wp\/v2\/categories?post=3506"},{"taxonomy":"post_tag","embeddable":true,"href":"http:\/\/www.piah.se\/aspellhome\/wp-json\/wp\/v2\/tags?post=3506"}],"curies":[{"name":"wp","href":"https:\/\/api.w.org\/{rel}","templated":true}]}}