{"id":3447,"date":"2012-08-24T09:43:48","date_gmt":"2012-08-24T07:43:48","guid":{"rendered":"http:\/\/www.piah.se\/aspellhome\/?p=3447"},"modified":"2017-02-11T17:36:41","modified_gmt":"2017-02-11T16:36:41","slug":"svart-men-ganska-sorglos","status":"publish","type":"post","link":"http:\/\/www.piah.se\/aspellhome\/svart-men-ganska-sorglos\/","title":{"rendered":"Svart men ganska sorgl\u00f6s"},"content":{"rendered":"<p><img loading=\"lazy\" decoding=\"async\" class=\"aligncenter size-full wp-image-3463\" title=\"Sorgehatt med svart flor\" src=\"http:\/\/www.piah.se\/aspellhome\/wp-content\/uploads\/2012\/08\/Hat_veil.jpg\" alt=\"\" width=\"600\" height=\"868\" \/><\/p>\n<p><img loading=\"lazy\" decoding=\"async\" class=\"aligncenter size-full wp-image-3464\" title=\"Ask med gamla hattn\u00e5lar\" src=\"http:\/\/www.piah.se\/aspellhome\/wp-content\/uploads\/2012\/08\/PinkNeedlebox.jpg\" alt=\"\" width=\"600\" height=\"843\" srcset=\"http:\/\/www.piah.se\/aspellhome\/wp-content\/uploads\/2012\/08\/PinkNeedlebox.jpg 600w, http:\/\/www.piah.se\/aspellhome\/wp-content\/uploads\/2012\/08\/PinkNeedlebox-292x410.jpg 292w\" sizes=\"(max-width: 600px) 100vw, 600px\" \/><\/p>\n<p>Nej, ingen ny sorg har drabbat mig, men det \u00e4r knappt man t\u00f6rs uttala de orden\u00a0av r\u00e4dsla att det p\u00e5 n\u00e5got s\u00e4tt ska v\u00e4cka liv i n\u00e5got vilande m\u00f6rker. Sorger f\u00e5r vi alla tillslut uppleva, b\u00e4ra p\u00e5 och l\u00e4ra oss leva med. Det k\u00e4nns lika h\u00e5rt och or\u00e4ttvist varje g\u00e5ng.<\/p>\n<p>I v\u00e5ra loppisg\u00f6mmor hittade jag det h\u00e4r sorgefloret i en rosa och gl\u00e4nsande pappersask. Tillsammans med n\u00e5gra fina hattn\u00e5lar, extra l\u00e5nga med svart knopp. I en annan l\u00e5da d\u00f6k den fina hatten upp som makens farmor \u00e4gt. \u00c4ven fast b\u00e5da sakerna kommer fr\u00e5n helt skilda hem, s\u00e5 h\u00f6r de p\u00e5 n\u00e5got s\u00e4tt ihop. Hatten har med all s\u00e4kerhet varit en finhatt avsedd f\u00f6r de mindre muntra tillf\u00e4llena i livet.<\/p>\n<p>En blockljusstake f\u00e5r agera hatth\u00e5llare, f\u00f6r jag tycker det \u00e4r en fin prydnad att ha framme trots sorgetemat. Floret inspirerade inte helt ov\u00e4ntat till en liten fotosession.<\/p>\n<p><img loading=\"lazy\" decoding=\"async\" class=\"aligncenter size-full wp-image-3465\" title=\"Svart sl\u00f6ja och krucifix\" src=\"http:\/\/www.piah.se\/aspellhome\/wp-content\/uploads\/2012\/08\/Veil_cross.jpg\" alt=\"\" width=\"600\" height=\"868\" srcset=\"http:\/\/www.piah.se\/aspellhome\/wp-content\/uploads\/2012\/08\/Veil_cross.jpg 600w, http:\/\/www.piah.se\/aspellhome\/wp-content\/uploads\/2012\/08\/Veil_cross-292x422.jpg 292w\" sizes=\"(max-width: 600px) 100vw, 600px\" \/><img loading=\"lazy\" decoding=\"async\" class=\"aligncenter size-full wp-image-3466\" title=\"En lady med sorgeflor\" src=\"http:\/\/www.piah.se\/aspellhome\/wp-content\/uploads\/2012\/08\/Veil_3b.jpg\" alt=\"\" width=\"600\" height=\"868\" srcset=\"http:\/\/www.piah.se\/aspellhome\/wp-content\/uploads\/2012\/08\/Veil_3b.jpg 600w, http:\/\/www.piah.se\/aspellhome\/wp-content\/uploads\/2012\/08\/Veil_3b-292x422.jpg 292w\" sizes=\"(max-width: 600px) 100vw, 600px\" \/><img loading=\"lazy\" decoding=\"async\" class=\"aligncenter size-full wp-image-3467\" title=\"Mourn me not\" src=\"http:\/\/www.piah.se\/aspellhome\/wp-content\/uploads\/2012\/08\/Veil_1b.jpg\" alt=\"\" width=\"600\" height=\"868\" srcset=\"http:\/\/www.piah.se\/aspellhome\/wp-content\/uploads\/2012\/08\/Veil_1b.jpg 600w, http:\/\/www.piah.se\/aspellhome\/wp-content\/uploads\/2012\/08\/Veil_1b-292x422.jpg 292w\" sizes=\"(max-width: 600px) 100vw, 600px\" \/><\/p>\n<p style=\"text-align: center;\">&#8211; &#8211; &#8211;<\/p>\n<p style=\"text-align: center;\">En sorgl\u00f6s fredag \u00f6nskar jag er!<\/p>\n<p style=\"text-align: center;\">~ P ~<\/p>\n","protected":false},"excerpt":{"rendered":"<p>Nej, ingen ny sorg har drabbat mig, men det \u00e4r knappt man t\u00f6rs uttala de orden\u00a0av r\u00e4dsla att det p\u00e5 n\u00e5got s\u00e4tt ska v\u00e4cka liv i n\u00e5got vilande m\u00f6rker. Sorger f\u00e5r vi alla tillslut uppleva, b\u00e4ra p\u00e5 och l\u00e4ra oss leva med. Det k\u00e4nns lika h\u00e5rt och or\u00e4ttvist varje g\u00e5ng. I v\u00e5ra loppisg\u00f6mmor hittade jag [&hellip;]<\/p>\n","protected":false},"author":1,"featured_media":0,"comment_status":"open","ping_status":"open","sticky":false,"template":"","format":"standard","meta":{"footnotes":""},"categories":[1003],"tags":[13,216,633,634,437,56],"class_list":["post-3447","post","type-post","status-publish","format-standard","hentry","category-animal-nature","tag-antikt","tag-fotografering","tag-fotosession","tag-konceptfotografering","tag-svart","tag-vintage"],"_links":{"self":[{"href":"http:\/\/www.piah.se\/aspellhome\/wp-json\/wp\/v2\/posts\/3447"}],"collection":[{"href":"http:\/\/www.piah.se\/aspellhome\/wp-json\/wp\/v2\/posts"}],"about":[{"href":"http:\/\/www.piah.se\/aspellhome\/wp-json\/wp\/v2\/types\/post"}],"author":[{"embeddable":true,"href":"http:\/\/www.piah.se\/aspellhome\/wp-json\/wp\/v2\/users\/1"}],"replies":[{"embeddable":true,"href":"http:\/\/www.piah.se\/aspellhome\/wp-json\/wp\/v2\/comments?post=3447"}],"version-history":[{"count":21,"href":"http:\/\/www.piah.se\/aspellhome\/wp-json\/wp\/v2\/posts\/3447\/revisions"}],"predecessor-version":[{"id":3479,"href":"http:\/\/www.piah.se\/aspellhome\/wp-json\/wp\/v2\/posts\/3447\/revisions\/3479"}],"wp:attachment":[{"href":"http:\/\/www.piah.se\/aspellhome\/wp-json\/wp\/v2\/media?parent=3447"}],"wp:term":[{"taxonomy":"category","embeddable":true,"href":"http:\/\/www.piah.se\/aspellhome\/wp-json\/wp\/v2\/categories?post=3447"},{"taxonomy":"post_tag","embeddable":true,"href":"http:\/\/www.piah.se\/aspellhome\/wp-json\/wp\/v2\/tags?post=3447"}],"curies":[{"name":"wp","href":"https:\/\/api.w.org\/{rel}","templated":true}]}}