{"id":3359,"date":"2012-08-09T08:02:27","date_gmt":"2012-08-09T06:02:27","guid":{"rendered":"http:\/\/www.piah.se\/aspellhome\/?p=3359"},"modified":"2014-02-16T17:27:39","modified_gmt":"2014-02-16T16:27:39","slug":"saknat-uterum","status":"publish","type":"post","link":"http:\/\/www.piah.se\/aspellhome\/saknat-uterum\/","title":{"rendered":"Saknat uterum"},"content":{"rendered":"<div id=\"attachment_3361\" style=\"width: 640px\" class=\"wp-caption aligncenter\"><img loading=\"lazy\" decoding=\"async\" aria-describedby=\"caption-attachment-3361\" class=\"size-full wp-image-3361 \" title=\"Solhattar\" src=\"http:\/\/www.piah.se\/aspellhome\/wp-content\/uploads\/2012\/08\/Solhattar1.jpg\" alt=\"\" width=\"630\" height=\"469\" \/><p id=\"caption-attachment-3361\" class=\"wp-caption-text\">{ Str\u00e5hattar fr\u00e5n Mexico h\u00e4nger oanv\u00e4nda &#8211; Rostiga lyktan \u00e4r ett antikfynd }<\/p><\/div>\n<p><img loading=\"lazy\" decoding=\"async\" class=\"aligncenter size-full wp-image-3364\" title=\"Stol\" src=\"http:\/\/www.piah.se\/aspellhome\/wp-content\/uploads\/2012\/08\/Stol.jpg\" alt=\"\" width=\"630\" height=\"836\" srcset=\"http:\/\/www.piah.se\/aspellhome\/wp-content\/uploads\/2012\/08\/Stol.jpg 630w, http:\/\/www.piah.se\/aspellhome\/wp-content\/uploads\/2012\/08\/Stol-292x387.jpg 292w, http:\/\/www.piah.se\/aspellhome\/wp-content\/uploads\/2012\/08\/Stol-625x829.jpg 625w\" sizes=\"(max-width: 630px) 100vw, 630px\" \/><\/p>\n<div id=\"attachment_3366\" style=\"width: 640px\" class=\"wp-caption aligncenter\"><img loading=\"lazy\" decoding=\"async\" aria-describedby=\"caption-attachment-3366\" class=\"size-full wp-image-3366\" title=\"Pelargon\" src=\"http:\/\/www.piah.se\/aspellhome\/wp-content\/uploads\/2012\/08\/Pelargon.jpg\" alt=\"\" width=\"630\" height=\"836\" srcset=\"http:\/\/www.piah.se\/aspellhome\/wp-content\/uploads\/2012\/08\/Pelargon.jpg 630w, http:\/\/www.piah.se\/aspellhome\/wp-content\/uploads\/2012\/08\/Pelargon-292x387.jpg 292w, http:\/\/www.piah.se\/aspellhome\/wp-content\/uploads\/2012\/08\/Pelargon-625x829.jpg 625w\" sizes=\"(max-width: 630px) 100vw, 630px\" \/><p id=\"caption-attachment-3366\" class=\"wp-caption-text\">{ M\u00e5rbackorna trivs som b\u00e4st nu i den friska augustiluften }<\/p><\/div>\n<p><img loading=\"lazy\" decoding=\"async\" class=\"aligncenter size-full wp-image-3367\" title=\"Statyett\" src=\"http:\/\/www.piah.se\/aspellhome\/wp-content\/uploads\/2012\/08\/Statyett.jpg\" alt=\"\" width=\"630\" height=\"836\" srcset=\"http:\/\/www.piah.se\/aspellhome\/wp-content\/uploads\/2012\/08\/Statyett.jpg 630w, http:\/\/www.piah.se\/aspellhome\/wp-content\/uploads\/2012\/08\/Statyett-292x387.jpg 292w, http:\/\/www.piah.se\/aspellhome\/wp-content\/uploads\/2012\/08\/Statyett-625x829.jpg 625w\" sizes=\"(max-width: 630px) 100vw, 630px\" \/><\/p>\n<p>Det har snart g\u00e5tt en hel vecka sedan vi b\u00f6rjade jobba igen efter semestern och uterummet blir mindre anv\u00e4nt, men desto mer saknat. Det har inte varit s\u00e5 varmt s\u00e5 pass tidigt p\u00e5\u00a0mornarna heller s\u00e5 det har k\u00e4nts sk\u00f6nt att \u00e4ta frukosten d\u00e4rute. Men till helgen blir det nog av igen.<\/p>\n<p>Att b\u00f6rja jobba igen inneb\u00e4r att man\u00a0\u00e5ter f\u00e5r v\u00e4nja sig med att tiden inte r\u00e4cker till lika mycket l\u00e4ngre. Jobba, \u00e4ta, tr\u00e4na och ytterst lite tid f\u00f6r annat \u00e4r ungef\u00e4r hur vardagen ser ut.<\/p>\n<p>Det m\u00e4rkliga \u00e4r att ju mindre tid jag har, desto mer saker kommer jag p\u00e5 att jag vill g\u00f6ra. Men n\u00e4r tiden finns i \u00f6verfl\u00f6d blir det l\u00e4tt s\u00e5 att det inte blir n\u00e5gonting av med n\u00e5t. Funderar just nu \u00f6ver hur jag ska g\u00f6ra med min tj\u00e4nstledighet p\u00e5 fredageftermiddagar. Min tanke var att prova heltid igen, men vi f\u00e5r se hur det k\u00e4nns. Man blir l\u00e4tt bortsk\u00e4md av korta fredagar.<\/p>\n<p style=\"text-align: center;\">&#8211; &#8211; &#8211;<\/p>\n<p style=\"text-align: center;\">\u00d6nskar er en\u00a0fin dag<\/p>\n<p style=\"text-align: center;\">~ P ~<\/p>\n","protected":false},"excerpt":{"rendered":"<p>Det har snart g\u00e5tt en hel vecka sedan vi b\u00f6rjade jobba igen efter semestern och uterummet blir mindre anv\u00e4nt, men desto mer saknat. Det har inte varit s\u00e5 varmt s\u00e5 pass tidigt p\u00e5\u00a0mornarna heller s\u00e5 det har k\u00e4nts sk\u00f6nt att \u00e4ta frukosten d\u00e4rute. Men till helgen blir det nog av igen. Att b\u00f6rja jobba igen [&hellip;]<\/p>\n","protected":false},"author":1,"featured_media":0,"comment_status":"open","ping_status":"open","sticky":false,"template":"","format":"standard","meta":{"footnotes":""},"categories":[7],"tags":[620,621,119,356,37],"class_list":["post-3359","post","type-post","status-publish","format-standard","hentry","category-home-and-interior","tag-figurin","tag-fotogenlykta","tag-marbackapelargon","tag-statyett","tag-strahatt"],"_links":{"self":[{"href":"http:\/\/www.piah.se\/aspellhome\/wp-json\/wp\/v2\/posts\/3359"}],"collection":[{"href":"http:\/\/www.piah.se\/aspellhome\/wp-json\/wp\/v2\/posts"}],"about":[{"href":"http:\/\/www.piah.se\/aspellhome\/wp-json\/wp\/v2\/types\/post"}],"author":[{"embeddable":true,"href":"http:\/\/www.piah.se\/aspellhome\/wp-json\/wp\/v2\/users\/1"}],"replies":[{"embeddable":true,"href":"http:\/\/www.piah.se\/aspellhome\/wp-json\/wp\/v2\/comments?post=3359"}],"version-history":[{"count":15,"href":"http:\/\/www.piah.se\/aspellhome\/wp-json\/wp\/v2\/posts\/3359\/revisions"}],"predecessor-version":[{"id":3379,"href":"http:\/\/www.piah.se\/aspellhome\/wp-json\/wp\/v2\/posts\/3359\/revisions\/3379"}],"wp:attachment":[{"href":"http:\/\/www.piah.se\/aspellhome\/wp-json\/wp\/v2\/media?parent=3359"}],"wp:term":[{"taxonomy":"category","embeddable":true,"href":"http:\/\/www.piah.se\/aspellhome\/wp-json\/wp\/v2\/categories?post=3359"},{"taxonomy":"post_tag","embeddable":true,"href":"http:\/\/www.piah.se\/aspellhome\/wp-json\/wp\/v2\/tags?post=3359"}],"curies":[{"name":"wp","href":"https:\/\/api.w.org\/{rel}","templated":true}]}}