{"id":3342,"date":"2012-08-03T12:41:44","date_gmt":"2012-08-03T10:41:44","guid":{"rendered":"http:\/\/www.piah.se\/aspellhome\/?p=3342"},"modified":"2012-08-03T12:45:07","modified_gmt":"2012-08-03T10:45:07","slug":"nyplockat-och-ett-fikatips","status":"publish","type":"post","link":"http:\/\/www.piah.se\/aspellhome\/nyplockat-och-ett-fikatips\/","title":{"rendered":"Nyplockat och ett fikatips"},"content":{"rendered":"<p><img loading=\"lazy\" decoding=\"async\" class=\"aligncenter size-full wp-image-3343\" title=\"Hallon\" src=\"http:\/\/www.piah.se\/aspellhome\/wp-content\/uploads\/2012\/08\/Hallon.jpg\" alt=\"\" width=\"660\" height=\"660\" srcset=\"http:\/\/www.piah.se\/aspellhome\/wp-content\/uploads\/2012\/08\/Hallon.jpg 660w, http:\/\/www.piah.se\/aspellhome\/wp-content\/uploads\/2012\/08\/Hallon-150x150.jpg 150w, http:\/\/www.piah.se\/aspellhome\/wp-content\/uploads\/2012\/08\/Hallon-292x292.jpg 292w\" sizes=\"(max-width: 660px) 100vw, 660px\" \/><\/p>\n<p><img loading=\"lazy\" decoding=\"async\" class=\"aligncenter size-full wp-image-3345\" title=\"Raspberries\" src=\"http:\/\/www.piah.se\/aspellhome\/wp-content\/uploads\/2012\/08\/Raspberries.jpg\" alt=\"\" width=\"660\" height=\"660\" srcset=\"http:\/\/www.piah.se\/aspellhome\/wp-content\/uploads\/2012\/08\/Raspberries.jpg 660w, http:\/\/www.piah.se\/aspellhome\/wp-content\/uploads\/2012\/08\/Raspberries-120x120.jpg 120w, http:\/\/www.piah.se\/aspellhome\/wp-content\/uploads\/2012\/08\/Raspberries-292x292.jpg 292w, http:\/\/www.piah.se\/aspellhome\/wp-content\/uploads\/2012\/08\/Raspberries-625x625.jpg 625w\" sizes=\"(max-width: 660px) 100vw, 660px\" \/><\/p>\n<p>Ig\u00e5r gick jag ut i tr\u00e4dg\u00e5rden och inspekterade vildhallonens status. De brukar bli mogna i b\u00f6rjan av augusti och jag hittade n\u00e5gra som jag plockade i en sk\u00e5l. Mycket gott att ha p\u00e5 frukostyoughurten!<\/p>\n<p>Jag har gjort vildhallonsaft n\u00e5gra g\u00e5nger ocks\u00e5, men det tar en f\u00f6rf\u00e4rlig tid att plocka de h\u00e4r sm\u00e5, sm\u00e5 b\u00e4ren. Och man f\u00e5r vara beredd p\u00e5 att sticka sig p\u00e5 b\u00e5de tistlar och br\u00e4nn\u00e4sslor.<\/p>\n<p><img loading=\"lazy\" decoding=\"async\" class=\"aligncenter size-full wp-image-3346\" title=\"MascarponeDigestive\" src=\"http:\/\/www.piah.se\/aspellhome\/wp-content\/uploads\/2012\/08\/MascarponeDigestive.jpg\" alt=\"\" width=\"600\" height=\"730\" srcset=\"http:\/\/www.piah.se\/aspellhome\/wp-content\/uploads\/2012\/08\/MascarponeDigestive.jpg 600w, http:\/\/www.piah.se\/aspellhome\/wp-content\/uploads\/2012\/08\/MascarponeDigestive-292x355.jpg 292w\" sizes=\"(max-width: 600px) 100vw, 600px\" \/><\/p>\n<p style=\"text-align: center;\"><strong>Fikatips!<\/strong><\/p>\n<p>H\u00e4r kommer ocks\u00e5 ett enkelt\u00a0fikatips som en tidigare arbetskollega bj\u00f6d p\u00e5 en g\u00e5ng. Bred ett tjockt lager Mascarpone p\u00e5 ett Digestivekex och l\u00e4gg f\u00e4rska b\u00e4r eller frukt ovanp\u00e5.\u00a0Jordgubbar \u00e4r en h\u00f6jdare, men mina hallon var inte heller s\u00e5 dumma.<\/p>\n<p>Mascarpone \u00e4r en sorts gr\u00e4ddig mjukost (gjord p\u00e5 komj\u00f6lk) som mest smakar gr\u00e4dde men med mjukostens konsistens. V\u00e4ldigt len och god och passar bra till desserter av olika slag.<\/p>\n<p style=\"text-align: center;\">&#8211; &#8211; &#8211;<\/p>\n<p>Utanf\u00f6r mitt f\u00f6nster p\u00e5g\u00e5r markarbete och f\u00f6rberedelser f\u00f6r en utbyggnad som vi ska g\u00f6ra nu under h\u00f6sten. Det gr\u00e4vs h\u00e5l f\u00f6r plintar som ska gjutas. V\u00e5ra arbetsplatser kommer att\u00a0flyttas till utbyggnaden och det rum d\u00e4r vi sitter nu kommer att bli matrum. Lite st\u00f6k h\u00e4r i huset under h\u00f6sten allts\u00e5, men det ska bli s\u00e5 sp\u00e4nnande att se hur det blir!<\/p>\n<p style=\"text-align: center;\">Ha en bra dag<\/p>\n<p style=\"text-align: center;\">~ P ~<\/p>\n","protected":false},"excerpt":{"rendered":"<p>Ig\u00e5r gick jag ut i tr\u00e4dg\u00e5rden och inspekterade vildhallonens status. De brukar bli mogna i b\u00f6rjan av augusti och jag hittade n\u00e5gra som jag plockade i en sk\u00e5l. Mycket gott att ha p\u00e5 frukostyoughurten! Jag har gjort vildhallonsaft n\u00e5gra g\u00e5nger ocks\u00e5, men det tar en f\u00f6rf\u00e4rlig tid att plocka de h\u00e4r sm\u00e5, sm\u00e5 b\u00e4ren. Och [&hellip;]<\/p>\n","protected":false},"author":1,"featured_media":0,"comment_status":"open","ping_status":"open","sticky":false,"template":"","format":"standard","meta":{"footnotes":""},"categories":[5],"tags":[144,83,619],"class_list":["post-3342","post","type-post","status-publish","format-standard","hentry","category-taste-and-scent","tag-fika","tag-tips","tag-vildhallon"],"_links":{"self":[{"href":"http:\/\/www.piah.se\/aspellhome\/wp-json\/wp\/v2\/posts\/3342"}],"collection":[{"href":"http:\/\/www.piah.se\/aspellhome\/wp-json\/wp\/v2\/posts"}],"about":[{"href":"http:\/\/www.piah.se\/aspellhome\/wp-json\/wp\/v2\/types\/post"}],"author":[{"embeddable":true,"href":"http:\/\/www.piah.se\/aspellhome\/wp-json\/wp\/v2\/users\/1"}],"replies":[{"embeddable":true,"href":"http:\/\/www.piah.se\/aspellhome\/wp-json\/wp\/v2\/comments?post=3342"}],"version-history":[{"count":12,"href":"http:\/\/www.piah.se\/aspellhome\/wp-json\/wp\/v2\/posts\/3342\/revisions"}],"predecessor-version":[{"id":3357,"href":"http:\/\/www.piah.se\/aspellhome\/wp-json\/wp\/v2\/posts\/3342\/revisions\/3357"}],"wp:attachment":[{"href":"http:\/\/www.piah.se\/aspellhome\/wp-json\/wp\/v2\/media?parent=3342"}],"wp:term":[{"taxonomy":"category","embeddable":true,"href":"http:\/\/www.piah.se\/aspellhome\/wp-json\/wp\/v2\/categories?post=3342"},{"taxonomy":"post_tag","embeddable":true,"href":"http:\/\/www.piah.se\/aspellhome\/wp-json\/wp\/v2\/tags?post=3342"}],"curies":[{"name":"wp","href":"https:\/\/api.w.org\/{rel}","templated":true}]}}