{"id":3298,"date":"2012-07-27T14:17:17","date_gmt":"2012-07-27T12:17:17","guid":{"rendered":"http:\/\/www.piah.se\/aspellhome\/?p=3298"},"modified":"2012-07-27T21:09:17","modified_gmt":"2012-07-27T19:09:17","slug":"citron-och-lavendel","status":"publish","type":"post","link":"http:\/\/www.piah.se\/aspellhome\/citron-och-lavendel\/","title":{"rendered":"Citron och lavendel"},"content":{"rendered":"<p><img loading=\"lazy\" decoding=\"async\" class=\"aligncenter size-full wp-image-3299\" title=\"Vattenglas\" src=\"http:\/\/www.piah.se\/aspellhome\/wp-content\/uploads\/2012\/07\/Vattenglas.jpg\" alt=\"\" width=\"600\" height=\"739\" srcset=\"http:\/\/www.piah.se\/aspellhome\/wp-content\/uploads\/2012\/07\/Vattenglas.jpg 600w, http:\/\/www.piah.se\/aspellhome\/wp-content\/uploads\/2012\/07\/Vattenglas-212x261.jpg 212w\" sizes=\"(max-width: 600px) 100vw, 600px\" \/><\/p>\n<p><img loading=\"lazy\" decoding=\"async\" class=\"aligncenter size-full wp-image-3302\" title=\"Flaska\" src=\"http:\/\/www.piah.se\/aspellhome\/wp-content\/uploads\/2012\/07\/Flaska.jpg\" alt=\"\" width=\"600\" height=\"739\" srcset=\"http:\/\/www.piah.se\/aspellhome\/wp-content\/uploads\/2012\/07\/Flaska.jpg 600w, http:\/\/www.piah.se\/aspellhome\/wp-content\/uploads\/2012\/07\/Flaska-292x359.jpg 292w\" sizes=\"(max-width: 600px) 100vw, 600px\" \/><\/p>\n<p>Provade h\u00e4rom dagen att g\u00f6ra ist\u00e4rningar med lavendel i. Tillsammans med en citronskiva i ett glas vatten f\u00e5r man en annorlunda och frisk smak. Testade nu ocks\u00e5 att l\u00e4gga citron och lavendel i en flaska med vatten. Is har v\u00e4l inte varit det f\u00f6rsta man t\u00e4nkt p\u00e5 under\u00a0de senaste veckorna av regnande och kyla, men nu verkar sommaren \u00e4ntligen ha fattat att det \u00e4r sommar.<\/p>\n<p><img loading=\"lazy\" decoding=\"async\" class=\"aligncenter size-full wp-image-3303\" title=\"Lunch\" src=\"http:\/\/www.piah.se\/aspellhome\/wp-content\/uploads\/2012\/07\/Lunch.jpg\" alt=\"\" width=\"600\" height=\"739\" srcset=\"http:\/\/www.piah.se\/aspellhome\/wp-content\/uploads\/2012\/07\/Lunch.jpg 600w, http:\/\/www.piah.se\/aspellhome\/wp-content\/uploads\/2012\/07\/Lunch-292x359.jpg 292w\" sizes=\"(max-width: 600px) 100vw, 600px\" \/><\/p>\n<p><img loading=\"lazy\" decoding=\"async\" class=\"aligncenter size-full wp-image-3304\" title=\"Laxsallad\" src=\"http:\/\/www.piah.se\/aspellhome\/wp-content\/uploads\/2012\/07\/Laxsallad.jpg\" alt=\"\" width=\"600\" height=\"739\" srcset=\"http:\/\/www.piah.se\/aspellhome\/wp-content\/uploads\/2012\/07\/Laxsallad.jpg 600w, http:\/\/www.piah.se\/aspellhome\/wp-content\/uploads\/2012\/07\/Laxsallad-292x359.jpg 292w\" sizes=\"(max-width: 600px) 100vw, 600px\" \/><\/p>\n<p>En god sallad p\u00e5 kallr\u00f6kt lax, kokt \u00e4gg och gr\u00f6nt \u00e4r gott att \u00e4ta somriga dagar. Till denna gjorde jag en vin\u00e4grett p\u00e5 olivolja, vitvinsvin\u00e4ger, citron och dill. Pricken \u00e4ver i \u00e4r att f\u00e5 smula lite flingsalt ovanp\u00e5 allt.<\/p>\n<p><img loading=\"lazy\" decoding=\"async\" class=\"aligncenter size-full wp-image-3305\" title=\"Skirt_1\" src=\"http:\/\/www.piah.se\/aspellhome\/wp-content\/uploads\/2012\/07\/Skirt_1.jpg\" alt=\"\" width=\"600\" height=\"739\" srcset=\"http:\/\/www.piah.se\/aspellhome\/wp-content\/uploads\/2012\/07\/Skirt_1.jpg 600w, http:\/\/www.piah.se\/aspellhome\/wp-content\/uploads\/2012\/07\/Skirt_1-292x359.jpg 292w\" sizes=\"(max-width: 600px) 100vw, 600px\" \/><\/p>\n<p><img loading=\"lazy\" decoding=\"async\" class=\"aligncenter size-full wp-image-3306\" title=\"Skirt_2\" src=\"http:\/\/www.piah.se\/aspellhome\/wp-content\/uploads\/2012\/07\/Skirt_2.jpg\" alt=\"\" width=\"600\" height=\"739\" srcset=\"http:\/\/www.piah.se\/aspellhome\/wp-content\/uploads\/2012\/07\/Skirt_2.jpg 600w, http:\/\/www.piah.se\/aspellhome\/wp-content\/uploads\/2012\/07\/Skirt_2-292x359.jpg 292w\" sizes=\"(max-width: 600px) 100vw, 600px\" \/><\/p>\n<p>Nu n\u00e4r det varit s\u00e5 pass varmt och soligt k\u00e4ndes det ocks\u00e5 passande att inviga nya kjolen fr\u00e5n Zapata. Tyget \u00e4r av finaste bomull och s\u00e5 fladdrigt och sk\u00f6nt. Love it!<\/p>\n<p style=\"text-align: center;\">&#8211; &#8211; &#8211;<\/p>\n<p>Senare idag \u00e5ker vi till R\u00e4ttvik p\u00e5 veteranmarknad. Den b\u00f6rjar klockan 16 p\u00e5 travbanan. Vi var sj\u00e4lva med och s\u00e5lde d\u00e4r f\u00f6r ett antal \u00e5r sedan och d\u00e5 var det en j\u00e4ttestor marknad. Vi har inte varit d\u00e4r sedan dess, men jag hoppas ju p\u00e5 att det \u00e4r ungef\u00e4r likandant fortfarande.<\/p>\n<p style=\"text-align: center;\">Njut av sol och v\u00e4rme\u00a0=)<\/p>\n<p style=\"text-align: center;\">~ P ~<\/p>\n","protected":false},"excerpt":{"rendered":"<p>Provade h\u00e4rom dagen att g\u00f6ra ist\u00e4rningar med lavendel i. Tillsammans med en citronskiva i ett glas vatten f\u00e5r man en annorlunda och frisk smak. Testade nu ocks\u00e5 att l\u00e4gga citron och lavendel i en flaska med vatten. Is har v\u00e4l inte varit det f\u00f6rsta man t\u00e4nkt p\u00e5 under\u00a0de senaste veckorna av regnande och kyla, men [&hellip;]<\/p>\n","protected":false},"author":1,"featured_media":0,"comment_status":"open","ping_status":"open","sticky":false,"template":"","format":"standard","meta":{"footnotes":""},"categories":[5,11],"tags":[615,326,612,613,614,616],"class_list":["post-3298","post","type-post","status-publish","format-standard","hentry","category-taste-and-scent","category-wardrobe","tag-kjol","tag-lax","tag-lunch","tag-sallad","tag-smaksatt-vatten","tag-zapata"],"_links":{"self":[{"href":"http:\/\/www.piah.se\/aspellhome\/wp-json\/wp\/v2\/posts\/3298"}],"collection":[{"href":"http:\/\/www.piah.se\/aspellhome\/wp-json\/wp\/v2\/posts"}],"about":[{"href":"http:\/\/www.piah.se\/aspellhome\/wp-json\/wp\/v2\/types\/post"}],"author":[{"embeddable":true,"href":"http:\/\/www.piah.se\/aspellhome\/wp-json\/wp\/v2\/users\/1"}],"replies":[{"embeddable":true,"href":"http:\/\/www.piah.se\/aspellhome\/wp-json\/wp\/v2\/comments?post=3298"}],"version-history":[{"count":8,"href":"http:\/\/www.piah.se\/aspellhome\/wp-json\/wp\/v2\/posts\/3298\/revisions"}],"predecessor-version":[{"id":3312,"href":"http:\/\/www.piah.se\/aspellhome\/wp-json\/wp\/v2\/posts\/3298\/revisions\/3312"}],"wp:attachment":[{"href":"http:\/\/www.piah.se\/aspellhome\/wp-json\/wp\/v2\/media?parent=3298"}],"wp:term":[{"taxonomy":"category","embeddable":true,"href":"http:\/\/www.piah.se\/aspellhome\/wp-json\/wp\/v2\/categories?post=3298"},{"taxonomy":"post_tag","embeddable":true,"href":"http:\/\/www.piah.se\/aspellhome\/wp-json\/wp\/v2\/tags?post=3298"}],"curies":[{"name":"wp","href":"https:\/\/api.w.org\/{rel}","templated":true}]}}