{"id":3101,"date":"2012-07-03T18:41:28","date_gmt":"2012-07-03T16:41:28","guid":{"rendered":"http:\/\/www.piah.se\/aspellhome\/?p=3101"},"modified":"2014-02-16T17:28:14","modified_gmt":"2014-02-16T16:28:14","slug":"ny-uteplats-pa-gang","status":"publish","type":"post","link":"http:\/\/www.piah.se\/aspellhome\/ny-uteplats-pa-gang\/","title":{"rendered":"Ny uteplats p\u00e5 g\u00e5ng"},"content":{"rendered":"<p><img loading=\"lazy\" decoding=\"async\" class=\"aligncenter size-full wp-image-3104\" title=\"Uteplats\" src=\"http:\/\/www.piah.se\/aspellhome\/wp-content\/uploads\/2012\/07\/Armeringsnat1.jpg\" alt=\"\" width=\"650\" height=\"636\" srcset=\"http:\/\/www.piah.se\/aspellhome\/wp-content\/uploads\/2012\/07\/Armeringsnat1.jpg 650w, http:\/\/www.piah.se\/aspellhome\/wp-content\/uploads\/2012\/07\/Armeringsnat1-212x207.jpg 212w\" sizes=\"(max-width: 650px) 100vw, 650px\" \/><\/p>\n<div id=\"attachment_3105\" style=\"width: 610px\" class=\"wp-caption aligncenter\"><img loading=\"lazy\" decoding=\"async\" aria-describedby=\"caption-attachment-3105\" class=\"size-full wp-image-3105\" title=\"Caf\u00e9m\u00f6bler\" src=\"http:\/\/www.piah.se\/aspellhome\/wp-content\/uploads\/2012\/07\/Tradgardsmobler.jpg\" alt=\"\" width=\"600\" height=\"806\" srcset=\"http:\/\/www.piah.se\/aspellhome\/wp-content\/uploads\/2012\/07\/Tradgardsmobler.jpg 600w, http:\/\/www.piah.se\/aspellhome\/wp-content\/uploads\/2012\/07\/Tradgardsmobler-292x392.jpg 292w\" sizes=\"(max-width: 600px) 100vw, 600px\" \/><p id=\"caption-attachment-3105\" class=\"wp-caption-text\">{ Ny liten uteplats }<\/p><\/div>\n<div id=\"attachment_3106\" style=\"width: 610px\" class=\"wp-caption aligncenter\"><img loading=\"lazy\" decoding=\"async\" aria-describedby=\"caption-attachment-3106\" class=\"size-full wp-image-3106\" title=\"Tomatplanta\" src=\"http:\/\/www.piah.se\/aspellhome\/wp-content\/uploads\/2012\/07\/Tomatplanta.jpg\" alt=\"\" width=\"600\" height=\"806\" srcset=\"http:\/\/www.piah.se\/aspellhome\/wp-content\/uploads\/2012\/07\/Tomatplanta.jpg 600w, http:\/\/www.piah.se\/aspellhome\/wp-content\/uploads\/2012\/07\/Tomatplanta-292x392.jpg 292w\" sizes=\"(max-width: 600px) 100vw, 600px\" \/><p id=\"caption-attachment-3106\" class=\"wp-caption-text\">{ Tomater }<\/p><\/div>\n<div id=\"attachment_3107\" style=\"width: 610px\" class=\"wp-caption aligncenter\"><img loading=\"lazy\" decoding=\"async\" aria-describedby=\"caption-attachment-3107\" class=\"size-full wp-image-3107\" title=\"Chilifrukter\" src=\"http:\/\/www.piah.se\/aspellhome\/wp-content\/uploads\/2012\/07\/Chilifrukter.jpg\" alt=\"\" width=\"600\" height=\"806\" srcset=\"http:\/\/www.piah.se\/aspellhome\/wp-content\/uploads\/2012\/07\/Chilifrukter.jpg 600w, http:\/\/www.piah.se\/aspellhome\/wp-content\/uploads\/2012\/07\/Chilifrukter-292x392.jpg 292w\" sizes=\"(max-width: 600px) 100vw, 600px\" \/><p id=\"caption-attachment-3107\" class=\"wp-caption-text\">{ Chilifrukt }<\/p><\/div>\n<p>P\u00e5 en uppbyggd rund jordpl\u00e4tt, precis utanf\u00f6r verandan, har vi under n\u00e5gra \u00e5r haft en badpool (modell vuxen) p\u00e5 somrarna. Det blir dock\u00a0inte s\u00e5 mycket bada av under de f\u00e5 sommardagarna, s\u00e5 redan f\u00f6rra sommaren fick jag en id\u00e9 f\u00f6r hur vi skulle utnyttja den lilla pl\u00e4tten forts\u00e4ttningsvis.<\/p>\n<p>Nu har vi satt upp en vackert rostig armeringsmatta i en halvm\u00e5ne, och planterat humle som ska f\u00e5 kl\u00e4ttra i den s\u00e5 att det s\u00e5sm\u00e5ningom blir som en sk\u00e4rmv\u00e4gg. Ska bli intressant att se hur mycket humlen hinner ta sig h\u00e4r under sommaren, f\u00f6r just nu \u00e4r det bara tre sm\u00e5 blygsamma plantor som sticker upp.<\/p>\n<p>\u00c4n s\u00e5 l\u00e4nge \u00e4r den lilla uteplatsen bara i sitt f\u00f6rstadie, s\u00e5 vi f\u00e5r v\u00e4l se vad som h\u00e4nder h\u00e4rn\u00e4st. Caf\u00e9m\u00f6blerna \u00e4r v\u00e4l nog s\u00e5\u00a0fina, men inte s\u00e5 praktiskt om man \u00e4r m\u00e5nga.<\/p>\n<p>&nbsp;<\/p>\n<p style=\"text-align: center;\">Njut av sommaren =)<\/p>\n<p style=\"text-align: center;\">~ P ~<\/p>\n<p>&nbsp;<\/p>\n","protected":false},"excerpt":{"rendered":"<p>P\u00e5 en uppbyggd rund jordpl\u00e4tt, precis utanf\u00f6r verandan, har vi under n\u00e5gra \u00e5r haft en badpool (modell vuxen) p\u00e5 somrarna. Det blir dock\u00a0inte s\u00e5 mycket bada av under de f\u00e5 sommardagarna, s\u00e5 redan f\u00f6rra sommaren fick jag en id\u00e9 f\u00f6r hur vi skulle utnyttja den lilla pl\u00e4tten forts\u00e4ttningsvis. Nu har vi satt upp en vackert [&hellip;]<\/p>\n","protected":false},"author":1,"featured_media":0,"comment_status":"open","ping_status":"open","sticky":false,"template":"","format":"standard","meta":{"footnotes":""},"categories":[7],"tags":[595,40,92,596,594],"class_list":["post-3101","post","type-post","status-publish","format-standard","hentry","category-home-and-interior","tag-armeringsmatta","tag-cafemobel","tag-humle","tag-rost","tag-uteplats"],"_links":{"self":[{"href":"http:\/\/www.piah.se\/aspellhome\/wp-json\/wp\/v2\/posts\/3101"}],"collection":[{"href":"http:\/\/www.piah.se\/aspellhome\/wp-json\/wp\/v2\/posts"}],"about":[{"href":"http:\/\/www.piah.se\/aspellhome\/wp-json\/wp\/v2\/types\/post"}],"author":[{"embeddable":true,"href":"http:\/\/www.piah.se\/aspellhome\/wp-json\/wp\/v2\/users\/1"}],"replies":[{"embeddable":true,"href":"http:\/\/www.piah.se\/aspellhome\/wp-json\/wp\/v2\/comments?post=3101"}],"version-history":[{"count":10,"href":"http:\/\/www.piah.se\/aspellhome\/wp-json\/wp\/v2\/posts\/3101\/revisions"}],"predecessor-version":[{"id":3115,"href":"http:\/\/www.piah.se\/aspellhome\/wp-json\/wp\/v2\/posts\/3101\/revisions\/3115"}],"wp:attachment":[{"href":"http:\/\/www.piah.se\/aspellhome\/wp-json\/wp\/v2\/media?parent=3101"}],"wp:term":[{"taxonomy":"category","embeddable":true,"href":"http:\/\/www.piah.se\/aspellhome\/wp-json\/wp\/v2\/categories?post=3101"},{"taxonomy":"post_tag","embeddable":true,"href":"http:\/\/www.piah.se\/aspellhome\/wp-json\/wp\/v2\/tags?post=3101"}],"curies":[{"name":"wp","href":"https:\/\/api.w.org\/{rel}","templated":true}]}}