{"id":3051,"date":"2012-06-23T12:15:39","date_gmt":"2012-06-23T10:15:39","guid":{"rendered":"http:\/\/www.piah.se\/aspellhome\/?p=3051"},"modified":"2012-06-23T12:15:39","modified_gmt":"2012-06-23T10:15:39","slug":"var-midsommarafton","status":"publish","type":"post","link":"http:\/\/www.piah.se\/aspellhome\/var-midsommarafton\/","title":{"rendered":"V\u00e5r midsommarafton"},"content":{"rendered":"<p><img loading=\"lazy\" decoding=\"async\" class=\"aligncenter size-full wp-image-3052\" title=\"Lunch_collage\" src=\"http:\/\/www.piah.se\/aspellhome\/wp-content\/uploads\/2012\/06\/Lunch_collage.jpg\" alt=\"\" width=\"600\" height=\"747\" srcset=\"http:\/\/www.piah.se\/aspellhome\/wp-content\/uploads\/2012\/06\/Lunch_collage.jpg 600w, http:\/\/www.piah.se\/aspellhome\/wp-content\/uploads\/2012\/06\/Lunch_collage-292x364.jpg 292w\" sizes=\"(max-width: 600px) 100vw, 600px\" \/><\/p>\n<p style=\"text-align: center;\">En sillunch p\u00e5 verandan, i all enkelhet,\u00a0fick inleda midsommarfirandet.<\/p>\n<p><img loading=\"lazy\" decoding=\"async\" class=\"aligncenter size-full wp-image-3053\" title=\"My feet\" src=\"http:\/\/www.piah.se\/aspellhome\/wp-content\/uploads\/2012\/06\/Feet.jpg\" alt=\"\" width=\"600\" height=\"785\" srcset=\"http:\/\/www.piah.se\/aspellhome\/wp-content\/uploads\/2012\/06\/Feet.jpg 600w, http:\/\/www.piah.se\/aspellhome\/wp-content\/uploads\/2012\/06\/Feet-292x382.jpg 292w\" sizes=\"(max-width: 600px) 100vw, 600px\" \/><\/p>\n<p>Senare p\u00e5 eftermiddagen gjorde vi oss klara f\u00f6r att \u00e5ka hem till v\u00e5ra v\u00e4nner i Falun. Det har blivit lite tradition de senaste \u00e5ren, att fira midsommarafton hemma hos dem. Med m\u00e5nga sm\u00e5ttingar som deltar s\u00e5 vet vi att det blir en lugn och stilla kv\u00e4ll i v\u00e5r smak. Tiden n\u00e4r man ville festa k\u00e4nner vi oss liksom f\u00e4rdiga med.<\/p>\n<p><img loading=\"lazy\" decoding=\"async\" class=\"aligncenter size-full wp-image-3055\" title=\"EnyaSover\" src=\"http:\/\/www.piah.se\/aspellhome\/wp-content\/uploads\/2012\/06\/EnyaSover.jpg\" alt=\"\" width=\"600\" height=\"785\" srcset=\"http:\/\/www.piah.se\/aspellhome\/wp-content\/uploads\/2012\/06\/EnyaSover.jpg 600w, http:\/\/www.piah.se\/aspellhome\/wp-content\/uploads\/2012\/06\/EnyaSover-292x382.jpg 292w\" sizes=\"(max-width: 600px) 100vw, 600px\" \/><\/p>\n<p><img loading=\"lazy\" decoding=\"async\" class=\"aligncenter size-full wp-image-3056\" title=\"Enya\" src=\"http:\/\/www.piah.se\/aspellhome\/wp-content\/uploads\/2012\/06\/EnyaSover2.jpg\" alt=\"\" width=\"600\" height=\"785\" srcset=\"http:\/\/www.piah.se\/aspellhome\/wp-content\/uploads\/2012\/06\/EnyaSover2.jpg 600w, http:\/\/www.piah.se\/aspellhome\/wp-content\/uploads\/2012\/06\/EnyaSover2-292x382.jpg 292w\" sizes=\"(max-width: 600px) 100vw, 600px\" \/><\/p>\n<p style=\"text-align: center;\">N\u00e5gra i s\u00e4llskapet hade redan haft en h\u00e4ndelserik dag och dansat sig tr\u00f6tta\u00a0n\u00e4r vi kom.<br \/>\nEnya ser verkligen ut som en liten \u00e4ngel.<\/p>\n<p><img loading=\"lazy\" decoding=\"async\" class=\"aligncenter size-full wp-image-3057\" title=\"Blomsterkransar\" src=\"http:\/\/www.piah.se\/aspellhome\/wp-content\/uploads\/2012\/06\/Blomsterkransar.jpg\" alt=\"\" width=\"600\" height=\"785\" srcset=\"http:\/\/www.piah.se\/aspellhome\/wp-content\/uploads\/2012\/06\/Blomsterkransar.jpg 600w, http:\/\/www.piah.se\/aspellhome\/wp-content\/uploads\/2012\/06\/Blomsterkransar-292x382.jpg 292w\" sizes=\"(max-width: 600px) 100vw, 600px\" \/><\/p>\n<p><img loading=\"lazy\" decoding=\"async\" class=\"aligncenter size-full wp-image-3060\" title=\"Evelina och Jocke\" src=\"http:\/\/www.piah.se\/aspellhome\/wp-content\/uploads\/2012\/06\/EvelinaJocke.jpg\" alt=\"\" width=\"600\" height=\"785\" srcset=\"http:\/\/www.piah.se\/aspellhome\/wp-content\/uploads\/2012\/06\/EvelinaJocke.jpg 600w, http:\/\/www.piah.se\/aspellhome\/wp-content\/uploads\/2012\/06\/EvelinaJocke-292x382.jpg 292w\" sizes=\"(max-width: 600px) 100vw, 600px\" \/><\/p>\n<p><img loading=\"lazy\" decoding=\"async\" class=\"aligncenter size-full wp-image-3061\" title=\"Sara\" src=\"http:\/\/www.piah.se\/aspellhome\/wp-content\/uploads\/2012\/06\/Sara.jpg\" alt=\"\" width=\"600\" height=\"785\" srcset=\"http:\/\/www.piah.se\/aspellhome\/wp-content\/uploads\/2012\/06\/Sara.jpg 600w, http:\/\/www.piah.se\/aspellhome\/wp-content\/uploads\/2012\/06\/Sara-292x382.jpg 292w\" sizes=\"(max-width: 600px) 100vw, 600px\" \/><\/p>\n<p style=\"text-align: center;\">~ Blomsterprydda sk\u00f6nheter ~<\/p>\n<p><img loading=\"lazy\" decoding=\"async\" class=\"aligncenter size-full wp-image-3059\" title=\"Midsommarafton\" src=\"http:\/\/www.piah.se\/aspellhome\/wp-content\/uploads\/2012\/06\/MAfton_collage.jpg\" alt=\"\" width=\"600\" height=\"747\" srcset=\"http:\/\/www.piah.se\/aspellhome\/wp-content\/uploads\/2012\/06\/MAfton_collage.jpg 600w, http:\/\/www.piah.se\/aspellhome\/wp-content\/uploads\/2012\/06\/MAfton_collage-292x363.jpg 292w\" sizes=\"(max-width: 600px) 100vw, 600px\" \/><\/p>\n<p style=\"text-align: center;\">Tack f\u00f6r en fin kv\u00e4ll med goa v\u00e4nner, h\u00e4rliga m\u00e4nniskor,<br \/>\nskratt, prat, musik, lekande och\u00a0massor med god mat =)<\/p>\n<p style=\"text-align: center;\"><img loading=\"lazy\" decoding=\"async\" class=\"aligncenter size-full wp-image-1918\" title=\"heart\" src=\"http:\/\/www.piah.se\/aspellhome\/wp-content\/uploads\/2012\/02\/heart.jpg\" alt=\"\" width=\"130\" height=\"123\" \/><\/p>\n<p style=\"text-align: center;\">~ P ~<\/p>\n","protected":false},"excerpt":{"rendered":"<p>En sillunch p\u00e5 verandan, i all enkelhet,\u00a0fick inleda midsommarfirandet. Senare p\u00e5 eftermiddagen gjorde vi oss klara f\u00f6r att \u00e5ka hem till v\u00e5ra v\u00e4nner i Falun. Det har blivit lite tradition de senaste \u00e5ren, att fira midsommarafton hemma hos dem. Med m\u00e5nga sm\u00e5ttingar som deltar s\u00e5 vet vi att det blir en lugn och stilla kv\u00e4ll [&hellip;]<\/p>\n","protected":false},"author":1,"featured_media":0,"comment_status":"open","ping_status":"open","sticky":false,"template":"","format":"standard","meta":{"footnotes":""},"categories":[514],"tags":[586,439,588,589],"class_list":["post-3051","post","type-post","status-publish","format-standard","hentry","category-highlights","tag-helg","tag-mat","tag-midsommarafton","tag-vanner"],"_links":{"self":[{"href":"http:\/\/www.piah.se\/aspellhome\/wp-json\/wp\/v2\/posts\/3051"}],"collection":[{"href":"http:\/\/www.piah.se\/aspellhome\/wp-json\/wp\/v2\/posts"}],"about":[{"href":"http:\/\/www.piah.se\/aspellhome\/wp-json\/wp\/v2\/types\/post"}],"author":[{"embeddable":true,"href":"http:\/\/www.piah.se\/aspellhome\/wp-json\/wp\/v2\/users\/1"}],"replies":[{"embeddable":true,"href":"http:\/\/www.piah.se\/aspellhome\/wp-json\/wp\/v2\/comments?post=3051"}],"version-history":[{"count":9,"href":"http:\/\/www.piah.se\/aspellhome\/wp-json\/wp\/v2\/posts\/3051\/revisions"}],"predecessor-version":[{"id":3068,"href":"http:\/\/www.piah.se\/aspellhome\/wp-json\/wp\/v2\/posts\/3051\/revisions\/3068"}],"wp:attachment":[{"href":"http:\/\/www.piah.se\/aspellhome\/wp-json\/wp\/v2\/media?parent=3051"}],"wp:term":[{"taxonomy":"category","embeddable":true,"href":"http:\/\/www.piah.se\/aspellhome\/wp-json\/wp\/v2\/categories?post=3051"},{"taxonomy":"post_tag","embeddable":true,"href":"http:\/\/www.piah.se\/aspellhome\/wp-json\/wp\/v2\/tags?post=3051"}],"curies":[{"name":"wp","href":"https:\/\/api.w.org\/{rel}","templated":true}]}}