{"id":2922,"date":"2012-06-14T19:13:11","date_gmt":"2012-06-14T17:13:11","guid":{"rendered":"http:\/\/www.piah.se\/aspellhome\/?p=2922"},"modified":"2014-02-16T17:22:04","modified_gmt":"2014-02-16T16:22:04","slug":"mental-pyspunka","status":"publish","type":"post","link":"http:\/\/www.piah.se\/aspellhome\/mental-pyspunka\/","title":{"rendered":"Mental pyspunka"},"content":{"rendered":"<p><img loading=\"lazy\" decoding=\"async\" class=\"aligncenter size-full wp-image-2923\" title=\"Kudde, Bruka design\" src=\"http:\/\/www.piah.se\/aspellhome\/wp-content\/uploads\/2012\/06\/BrukaKudde.jpg\" alt=\"\" width=\"600\" height=\"815\" srcset=\"http:\/\/www.piah.se\/aspellhome\/wp-content\/uploads\/2012\/06\/BrukaKudde.jpg 600w, http:\/\/www.piah.se\/aspellhome\/wp-content\/uploads\/2012\/06\/BrukaKudde-212x288.jpg 212w\" sizes=\"(max-width: 600px) 100vw, 600px\" \/><\/p>\n<div id=\"attachment_2924\" style=\"width: 610px\" class=\"wp-caption aligncenter\"><img loading=\"lazy\" decoding=\"async\" aria-describedby=\"caption-attachment-2924\" class=\"size-full wp-image-2924\" title=\"Jag i soffan\" src=\"http:\/\/www.piah.se\/aspellhome\/wp-content\/uploads\/2012\/06\/ISoffan_1.jpg\" alt=\"\" width=\"600\" height=\"815\" srcset=\"http:\/\/www.piah.se\/aspellhome\/wp-content\/uploads\/2012\/06\/ISoffan_1.jpg 600w, http:\/\/www.piah.se\/aspellhome\/wp-content\/uploads\/2012\/06\/ISoffan_1-292x396.jpg 292w\" sizes=\"(max-width: 600px) 100vw, 600px\" \/><p id=\"caption-attachment-2924\" class=\"wp-caption-text\">{ Kudde, Bruka Design &#8211; Sjal, Ester Eleonora }<\/p><\/div>\n<div id=\"attachment_2927\" style=\"width: 610px\" class=\"wp-caption aligncenter\"><img loading=\"lazy\" decoding=\"async\" aria-describedby=\"caption-attachment-2927\" class=\"size-full wp-image-2927\" title=\"Jag i soffan\" src=\"http:\/\/www.piah.se\/aspellhome\/wp-content\/uploads\/2012\/06\/ISoffan_2.jpg\" alt=\"\" width=\"600\" height=\"815\" srcset=\"http:\/\/www.piah.se\/aspellhome\/wp-content\/uploads\/2012\/06\/ISoffan_2.jpg 600w, http:\/\/www.piah.se\/aspellhome\/wp-content\/uploads\/2012\/06\/ISoffan_2-292x396.jpg 292w\" sizes=\"(max-width: 600px) 100vw, 600px\" \/><p id=\"caption-attachment-2927\" class=\"wp-caption-text\">{ Halsband, V\u00e5ga }<\/p><\/div>\n<div id=\"attachment_2928\" style=\"width: 610px\" class=\"wp-caption aligncenter\"><img loading=\"lazy\" decoding=\"async\" aria-describedby=\"caption-attachment-2928\" class=\"size-full wp-image-2928\" title=\"Min soffh\u00f6rna\" src=\"http:\/\/www.piah.se\/aspellhome\/wp-content\/uploads\/2012\/06\/Soffhorna.jpg\" alt=\"\" width=\"600\" height=\"815\" srcset=\"http:\/\/www.piah.se\/aspellhome\/wp-content\/uploads\/2012\/06\/Soffhorna.jpg 600w, http:\/\/www.piah.se\/aspellhome\/wp-content\/uploads\/2012\/06\/Soffhorna-292x396.jpg 292w\" sizes=\"(max-width: 600px) 100vw, 600px\" \/><p id=\"caption-attachment-2928\" class=\"wp-caption-text\">{ Min soffh\u00f6rna }<\/p><\/div>\n<p style=\"text-align: center;\">&#8211; &#8211; &#8211;<\/p>\n<p>V\u00e4l hemma fr\u00e5n jobbet idag, s\u00e5 kunde jag inte annat \u00e4n bara sl\u00e4nga mig i soffan. En tr\u00f6tthet v\u00e4rre \u00e4n n\u00e5gonsin invaderade min kropp och jag k\u00e4nde hur den bara\u00a0skrek efter vila. F\u00f6rst nu har jag tagit mig upp d\u00e4rifr\u00e5n.<\/p>\n<p>Idag hade vi skolavslutning p\u00e5 min skola. Det \u00e4r bra h\u00e4rligt att se barnen sjunga och \u00e4ntligen f\u00e5 sina sommarlov. Inte utan att det blir en liten t\u00e5r i \u00f6gonvr\u00e5n n\u00e4r de sjunger <em>Den blomstertid nu kommer<\/em>. Man har ju sj\u00e4lv sjungit den massor med g\u00e5nger, och minnen av den h\u00e4rliga k\u00e4nslan av evighetsl\u00e5nga sommarlov bubblar upp till ytan igen.<\/p>\n<p>Det blir dessutom n\u00e5gon sorts mental pyspunka n\u00e4r skolavslutningen \u00e4r \u00f6ver, och jag vet att arbetsb\u00f6rdan p\u00e5 jobbet drastiskt minskar och planar ut inf\u00f6r semestern. Fortfarande mycket att g\u00f6ra inf\u00f6r n\u00e4sta l\u00e4s\u00e5r, men \u00e5tminstone en tyngd fr\u00e5n axlarna \u00e4r\u00a0borta. Sk\u00f6nt!<\/p>\n<p style=\"text-align: center;\"><img loading=\"lazy\" decoding=\"async\" class=\"aligncenter size-full wp-image-2933\" title=\"Sommarlov\" src=\"http:\/\/www.piah.se\/aspellhome\/wp-content\/uploads\/2012\/06\/Sommarlov.jpg\" alt=\"\" width=\"334\" height=\"267\" srcset=\"http:\/\/www.piah.se\/aspellhome\/wp-content\/uploads\/2012\/06\/Sommarlov.jpg 334w, http:\/\/www.piah.se\/aspellhome\/wp-content\/uploads\/2012\/06\/Sommarlov-292x233.jpg 292w\" sizes=\"(max-width: 334px) 100vw, 334px\" \/><\/p>\n<p style=\"text-align: center;\">Nu v\u00e4ntar jag bara p\u00e5 mitt eget sommarlov =)<\/p>\n<p style=\"text-align: center;\">~ P ~<\/p>\n<p>&nbsp;<\/p>\n","protected":false},"excerpt":{"rendered":"<p>&#8211; &#8211; &#8211; V\u00e4l hemma fr\u00e5n jobbet idag, s\u00e5 kunde jag inte annat \u00e4n bara sl\u00e4nga mig i soffan. En tr\u00f6tthet v\u00e4rre \u00e4n n\u00e5gonsin invaderade min kropp och jag k\u00e4nde hur den bara\u00a0skrek efter vila. F\u00f6rst nu har jag tagit mig upp d\u00e4rifr\u00e5n. Idag hade vi skolavslutning p\u00e5 min skola. Det \u00e4r bra h\u00e4rligt att [&hellip;]<\/p>\n","protected":false},"author":1,"featured_media":0,"comment_status":"open","ping_status":"open","sticky":false,"template":"","format":"standard","meta":{"footnotes":""},"categories":[3,11],"tags":[297,555,295,137,366],"class_list":["post-2922","post","type-post","status-publish","format-standard","hentry","category-things-old-or-new","category-wardrobe","tag-halsband","tag-sjal","tag-smycken","tag-soffhorna","tag-soffkuddar"],"_links":{"self":[{"href":"http:\/\/www.piah.se\/aspellhome\/wp-json\/wp\/v2\/posts\/2922"}],"collection":[{"href":"http:\/\/www.piah.se\/aspellhome\/wp-json\/wp\/v2\/posts"}],"about":[{"href":"http:\/\/www.piah.se\/aspellhome\/wp-json\/wp\/v2\/types\/post"}],"author":[{"embeddable":true,"href":"http:\/\/www.piah.se\/aspellhome\/wp-json\/wp\/v2\/users\/1"}],"replies":[{"embeddable":true,"href":"http:\/\/www.piah.se\/aspellhome\/wp-json\/wp\/v2\/comments?post=2922"}],"version-history":[{"count":9,"href":"http:\/\/www.piah.se\/aspellhome\/wp-json\/wp\/v2\/posts\/2922\/revisions"}],"predecessor-version":[{"id":2936,"href":"http:\/\/www.piah.se\/aspellhome\/wp-json\/wp\/v2\/posts\/2922\/revisions\/2936"}],"wp:attachment":[{"href":"http:\/\/www.piah.se\/aspellhome\/wp-json\/wp\/v2\/media?parent=2922"}],"wp:term":[{"taxonomy":"category","embeddable":true,"href":"http:\/\/www.piah.se\/aspellhome\/wp-json\/wp\/v2\/categories?post=2922"},{"taxonomy":"post_tag","embeddable":true,"href":"http:\/\/www.piah.se\/aspellhome\/wp-json\/wp\/v2\/tags?post=2922"}],"curies":[{"name":"wp","href":"https:\/\/api.w.org\/{rel}","templated":true}]}}