{"id":2902,"date":"2012-06-12T07:30:06","date_gmt":"2012-06-12T05:30:06","guid":{"rendered":"http:\/\/www.piah.se\/aspellhome\/?p=2902"},"modified":"2017-02-11T17:50:14","modified_gmt":"2017-02-11T16:50:14","slug":"badrumsdofter","status":"publish","type":"post","link":"http:\/\/www.piah.se\/aspellhome\/badrumsdofter\/","title":{"rendered":"Badrumsdofter"},"content":{"rendered":"<p><img loading=\"lazy\" decoding=\"async\" class=\"aligncenter size-full wp-image-2903\" title=\"Bathroom\" src=\"http:\/\/www.piah.se\/aspellhome\/wp-content\/uploads\/2012\/06\/Bathroom.jpg\" alt=\"\" width=\"600\" height=\"842\" \/><\/p>\n<p><img loading=\"lazy\" decoding=\"async\" class=\"aligncenter size-full wp-image-2904\" title=\"Bathroom2\" src=\"http:\/\/www.piah.se\/aspellhome\/wp-content\/uploads\/2012\/06\/Bathroom2.jpg\" alt=\"\" width=\"600\" height=\"842\" srcset=\"http:\/\/www.piah.se\/aspellhome\/wp-content\/uploads\/2012\/06\/Bathroom2.jpg 600w, http:\/\/www.piah.se\/aspellhome\/wp-content\/uploads\/2012\/06\/Bathroom2-292x409.jpg 292w\" sizes=\"(max-width: 600px) 100vw, 600px\" \/><\/p>\n<p>Tv\u00e5lar, doftljus, tv\u00e4tt- och sk\u00f6ljmedel. Dofter som h\u00f6r hemma i v\u00e5rt kombinerade badrum, spa och tv\u00e4ttstuga.<\/p>\n<p>Sedan vi \u00f6ppnade upp spa-delen i v\u00e5rt badrum s\u00e5 har det infunnit sig en alldeles ny och speciell doft d\u00e4ruppe. Det doftar varmt fr\u00e5n en ny och st\u00f6rre\u00a0varmvattenberedare, d\u00e4r vattnet v\u00e4rms av solpaneler som ligger p\u00e5 uterumstaket. N\u00e4r vi badat och kryddat med spadofter, dr\u00f6jer \u00e4ven de dofterna sig kvar ett tag och blandas med det varma. Det doftar spa helt enkelt.<\/p>\n<p><img loading=\"lazy\" decoding=\"async\" class=\"aligncenter size-full wp-image-2906\" title=\"spa\" src=\"http:\/\/www.piah.se\/aspellhome\/wp-content\/uploads\/2012\/06\/spa.jpg\" alt=\"\" width=\"600\" height=\"748\" srcset=\"http:\/\/www.piah.se\/aspellhome\/wp-content\/uploads\/2012\/06\/spa.jpg 600w, http:\/\/www.piah.se\/aspellhome\/wp-content\/uploads\/2012\/06\/spa-292x364.jpg 292w\" sizes=\"(max-width: 600px) 100vw, 600px\" \/><\/p>\n<p>Fast\u00e4n varmare dagar har kommit s\u00e5 l\u00e4ngtar man \u00e4nd\u00e5 ibland efter att krypa ner i det sk\u00f6na bubbelkaret och l\u00e5ta sig masseras av\u00a0v\u00e4lg\u00f6rande vattenstr\u00e5lar och luftbubblor. Och jag t\u00e4nker ocks\u00e5 p\u00e5 hur h\u00e4rligt det kommer att k\u00e4nnas i h\u00f6st, n\u00e4r m\u00f6rkret och kylan kommer allt n\u00e4rmare.<\/p>\n<p><img loading=\"lazy\" decoding=\"async\" class=\"aligncenter size-full wp-image-2907\" title=\"Skoljmedel\" src=\"http:\/\/www.piah.se\/aspellhome\/wp-content\/uploads\/2012\/06\/Skoljmedel.jpg\" alt=\"\" width=\"600\" height=\"748\" srcset=\"http:\/\/www.piah.se\/aspellhome\/wp-content\/uploads\/2012\/06\/Skoljmedel.jpg 600w, http:\/\/www.piah.se\/aspellhome\/wp-content\/uploads\/2012\/06\/Skoljmedel-292x364.jpg 292w\" sizes=\"(max-width: 600px) 100vw, 600px\" \/><\/p>\n<p>Spa-delen inrymmer \u00e4ven v\u00e5r tv\u00e4ttmaskin. Som lite vardagslyx\u00a0har jag\u00a0investerat i\u00a0ett sk\u00f6ljmedel av den lite lyxigare varianten. Det doftar ljuvligt av lavendel\u00a0n\u00e4r man tv\u00e4ttar s\u00e4ngkl\u00e4derna. Sk\u00f6ljmedlet finns i flera dofter och g\u00e5r att k\u00f6pa p\u00e5 lite olika st\u00e4llen, t.ex. <a href=\"http:\/\/www.fridasgard.se\/stad-och-tvatt\/tvatt-och-skoljmedel-lavendel\" target=\"_blank\">h\u00e4r<\/a>.<\/p>\n<p style=\"text-align: center;\">&#8211; &#8211; &#8211;<\/p>\n<p style=\"text-align: left;\">Eftersom jag jobbar p\u00e5 en skola, \u00e4r vi just nu mitt uppe i avslutningsfasen av l\u00e4s\u00e5ret. Trots att det var hundra \u00e5r sedan (minst) som jag sj\u00e4lv gick ut skolan, s\u00e5 \u00e4r\u00a0sommarlovsk\u00e4nslan\u00a0mer \u00e4n\u00a0p\u00e5taglig s\u00e5 h\u00e4r \u00e5rs. <em>Den blomstertid&#8230;<\/em>\u00a0g\u00e5r liksom aldrig ur kroppen hur gammal man \u00e4n blir.<\/p>\n<p style=\"text-align: center;\">Sommarlov\/semester f\u00e5r dock v\u00e4nta tre veckor till p\u00e5 mig =)<\/p>\n<p style=\"text-align: center;\">~ P ~<\/p>\n","protected":false},"excerpt":{"rendered":"<p>Tv\u00e5lar, doftljus, tv\u00e4tt- och sk\u00f6ljmedel. Dofter som h\u00f6r hemma i v\u00e5rt kombinerade badrum, spa och tv\u00e4ttstuga. Sedan vi \u00f6ppnade upp spa-delen i v\u00e5rt badrum s\u00e5 har det infunnit sig en alldeles ny och speciell doft d\u00e4ruppe. Det doftar varmt fr\u00e5n en ny och st\u00f6rre\u00a0varmvattenberedare, d\u00e4r vattnet v\u00e4rms av solpaneler som ligger p\u00e5 uterumstaket. N\u00e4r vi [&hellip;]<\/p>\n","protected":false},"author":1,"featured_media":0,"comment_status":"open","ping_status":"open","sticky":false,"template":"","format":"standard","meta":{"footnotes":""},"categories":[7],"tags":[14,572,26,571,486],"class_list":["post-2902","post","type-post","status-publish","format-standard","hentry","category-home-and-interior","tag-badrum","tag-durance","tag-lavendel","tag-skoljmedel","tag-spa"],"_links":{"self":[{"href":"http:\/\/www.piah.se\/aspellhome\/wp-json\/wp\/v2\/posts\/2902"}],"collection":[{"href":"http:\/\/www.piah.se\/aspellhome\/wp-json\/wp\/v2\/posts"}],"about":[{"href":"http:\/\/www.piah.se\/aspellhome\/wp-json\/wp\/v2\/types\/post"}],"author":[{"embeddable":true,"href":"http:\/\/www.piah.se\/aspellhome\/wp-json\/wp\/v2\/users\/1"}],"replies":[{"embeddable":true,"href":"http:\/\/www.piah.se\/aspellhome\/wp-json\/wp\/v2\/comments?post=2902"}],"version-history":[{"count":15,"href":"http:\/\/www.piah.se\/aspellhome\/wp-json\/wp\/v2\/posts\/2902\/revisions"}],"predecessor-version":[{"id":2921,"href":"http:\/\/www.piah.se\/aspellhome\/wp-json\/wp\/v2\/posts\/2902\/revisions\/2921"}],"wp:attachment":[{"href":"http:\/\/www.piah.se\/aspellhome\/wp-json\/wp\/v2\/media?parent=2902"}],"wp:term":[{"taxonomy":"category","embeddable":true,"href":"http:\/\/www.piah.se\/aspellhome\/wp-json\/wp\/v2\/categories?post=2902"},{"taxonomy":"post_tag","embeddable":true,"href":"http:\/\/www.piah.se\/aspellhome\/wp-json\/wp\/v2\/tags?post=2902"}],"curies":[{"name":"wp","href":"https:\/\/api.w.org\/{rel}","templated":true}]}}