{"id":2634,"date":"2012-05-07T22:25:13","date_gmt":"2012-05-07T20:25:13","guid":{"rendered":"http:\/\/www.piah.se\/aspellhome\/?p=2634"},"modified":"2012-05-08T06:59:38","modified_gmt":"2012-05-08T04:59:38","slug":"historieberattare","status":"publish","type":"post","link":"http:\/\/www.piah.se\/aspellhome\/historieberattare\/","title":{"rendered":"Historieber\u00e4ttare"},"content":{"rendered":"<div id=\"attachment_2635\" style=\"width: 635px\" class=\"wp-caption aligncenter\"><img loading=\"lazy\" decoding=\"async\" aria-describedby=\"caption-attachment-2635\" class=\"size-full wp-image-2635\" title=\"Brosch\" src=\"http:\/\/www.piah.se\/aspellhome\/wp-content\/uploads\/2012\/05\/Brosch.jpg\" alt=\"\" width=\"625\" height=\"812\" srcset=\"http:\/\/www.piah.se\/aspellhome\/wp-content\/uploads\/2012\/05\/Brosch.jpg 625w, http:\/\/www.piah.se\/aspellhome\/wp-content\/uploads\/2012\/05\/Brosch-212x275.jpg 212w\" sizes=\"(max-width: 625px) 100vw, 625px\" \/><p id=\"caption-attachment-2635\" class=\"wp-caption-text\">{ Farmors gamla brosch }<\/p><\/div>\n<div id=\"attachment_2636\" style=\"width: 635px\" class=\"wp-caption aligncenter\"><img loading=\"lazy\" decoding=\"async\" aria-describedby=\"caption-attachment-2636\" class=\"size-full wp-image-2636\" title=\"Kikare\" src=\"http:\/\/www.piah.se\/aspellhome\/wp-content\/uploads\/2012\/05\/Kikare.jpg\" alt=\"\" width=\"625\" height=\"767\" srcset=\"http:\/\/www.piah.se\/aspellhome\/wp-content\/uploads\/2012\/05\/Kikare.jpg 625w, http:\/\/www.piah.se\/aspellhome\/wp-content\/uploads\/2012\/05\/Kikare-292x358.jpg 292w\" sizes=\"(max-width: 625px) 100vw, 625px\" \/><p id=\"caption-attachment-2636\" class=\"wp-caption-text\">{ Gammal kikare med fodral }<\/p><\/div>\n<div id=\"attachment_2637\" style=\"width: 635px\" class=\"wp-caption aligncenter\"><img loading=\"lazy\" decoding=\"async\" aria-describedby=\"caption-attachment-2637\" class=\"size-full wp-image-2637\" title=\"OldCam\" src=\"http:\/\/www.piah.se\/aspellhome\/wp-content\/uploads\/2012\/05\/OldCam.jpg\" alt=\"\" width=\"625\" height=\"818\" srcset=\"http:\/\/www.piah.se\/aspellhome\/wp-content\/uploads\/2012\/05\/OldCam.jpg 625w, http:\/\/www.piah.se\/aspellhome\/wp-content\/uploads\/2012\/05\/OldCam-292x382.jpg 292w\" sizes=\"(max-width: 625px) 100vw, 625px\" \/><p id=\"caption-attachment-2637\" class=\"wp-caption-text\">{ Den finaste av dem alla }<\/p><\/div>\n<p style=\"text-align: center;\">&#8211; &#8211; &#8211;<\/p>\n<p>Gamla, vackra saker tr\u00e4ngs om utrymmet lite h\u00e4r och var i huset. De \u00e4r p\u00e5 n\u00e5got s\u00e4tt som\u00a0historieber\u00e4ttare, \u00e4ven fast man inte alltid\u00a0kan eller har f\u00e5tt h\u00f6ra deras historia.\u00a0Det \u00e4r som att de b\u00e4r p\u00e5 en hemlighet &#8211; historierna finns d\u00e4r, men det \u00e4r\u00a0om\u00f6jligt att n\u00e5gonsin f\u00e5 h\u00f6ra dem.<\/p>\n<p>Ibland googlar jag bilder och f\u00f6rs\u00f6ker ta reda p\u00e5 mer om vid vilken tids\u00e5lder sakerna anv\u00e4ndes. Tycker ocks\u00e5 det \u00e4r intressant att l\u00e4sa om\u00a0 hur v\u00e4rlden s\u00e5g ut vid tiden och hur m\u00e4nniskor levde. Speciellt n\u00e4r det r\u00f6r sig om riktigt gamla saker, d\u00e4r man knappt kan f\u00f6rst\u00e5 att de hanterats av m\u00e4nniskor f\u00f6r flera hundra \u00e5r sedan. Jag h\u00e5ller kanske p\u00e5 att bli en riktig n\u00f6rd!<\/p>\n<p style=\"text-align: center;\">&#8211; &#8211; &#8211;<\/p>\n<p style=\"text-align: center;\">Det h\u00e4r blev ett mycket sent inl\u00e4gg p\u00e5 m\u00e5ndagkv\u00e4llen, s\u00e5 nu \u00e4r det h\u00f6g tid att natta mig.<\/p>\n<p style=\"text-align: center;\">God natt p\u00e5 er =)<\/p>\n<p style=\"text-align: center;\"><img loading=\"lazy\" decoding=\"async\" class=\"aligncenter size-full wp-image-1918\" title=\"heart\" src=\"http:\/\/www.piah.se\/aspellhome\/wp-content\/uploads\/2012\/02\/heart.jpg\" alt=\"\" width=\"130\" height=\"123\" \/><\/p>\n<p>&nbsp;<\/p>\n","protected":false},"excerpt":{"rendered":"<p>&#8211; &#8211; &#8211; Gamla, vackra saker tr\u00e4ngs om utrymmet lite h\u00e4r och var i huset. De \u00e4r p\u00e5 n\u00e5got s\u00e4tt som\u00a0historieber\u00e4ttare, \u00e4ven fast man inte alltid\u00a0kan eller har f\u00e5tt h\u00f6ra deras historia.\u00a0Det \u00e4r som att de b\u00e4r p\u00e5 en hemlighet &#8211; historierna finns d\u00e4r, men det \u00e4r\u00a0om\u00f6jligt att n\u00e5gonsin f\u00e5 h\u00f6ra dem. Ibland googlar jag [&hellip;]<\/p>\n","protected":false},"author":1,"featured_media":0,"comment_status":"open","ping_status":"open","sticky":false,"template":"","format":"standard","meta":{"footnotes":""},"categories":[3],"tags":[13,542,468,543,541],"class_list":["post-2634","post","type-post","status-publish","format-standard","hentry","category-things-old-or-new","tag-antikt","tag-brosch","tag-kamera","tag-kikare","tag-kuriosa"],"_links":{"self":[{"href":"http:\/\/www.piah.se\/aspellhome\/wp-json\/wp\/v2\/posts\/2634"}],"collection":[{"href":"http:\/\/www.piah.se\/aspellhome\/wp-json\/wp\/v2\/posts"}],"about":[{"href":"http:\/\/www.piah.se\/aspellhome\/wp-json\/wp\/v2\/types\/post"}],"author":[{"embeddable":true,"href":"http:\/\/www.piah.se\/aspellhome\/wp-json\/wp\/v2\/users\/1"}],"replies":[{"embeddable":true,"href":"http:\/\/www.piah.se\/aspellhome\/wp-json\/wp\/v2\/comments?post=2634"}],"version-history":[{"count":7,"href":"http:\/\/www.piah.se\/aspellhome\/wp-json\/wp\/v2\/posts\/2634\/revisions"}],"predecessor-version":[{"id":2651,"href":"http:\/\/www.piah.se\/aspellhome\/wp-json\/wp\/v2\/posts\/2634\/revisions\/2651"}],"wp:attachment":[{"href":"http:\/\/www.piah.se\/aspellhome\/wp-json\/wp\/v2\/media?parent=2634"}],"wp:term":[{"taxonomy":"category","embeddable":true,"href":"http:\/\/www.piah.se\/aspellhome\/wp-json\/wp\/v2\/categories?post=2634"},{"taxonomy":"post_tag","embeddable":true,"href":"http:\/\/www.piah.se\/aspellhome\/wp-json\/wp\/v2\/tags?post=2634"}],"curies":[{"name":"wp","href":"https:\/\/api.w.org\/{rel}","templated":true}]}}