{"id":2494,"date":"2012-04-23T20:19:30","date_gmt":"2012-04-23T18:19:30","guid":{"rendered":"http:\/\/www.piah.se\/aspellhome\/?p=2494"},"modified":"2017-02-11T17:43:15","modified_gmt":"2017-02-11T16:43:15","slug":"nu-vet-vi-vem-det-ar","status":"publish","type":"post","link":"http:\/\/www.piah.se\/aspellhome\/nu-vet-vi-vem-det-ar\/","title":{"rendered":"Nu vet vi vem det \u00e4r"},"content":{"rendered":"<p><img loading=\"lazy\" decoding=\"async\" class=\"aligncenter size-full wp-image-2495\" title=\"Magen\" src=\"http:\/\/www.piah.se\/aspellhome\/wp-content\/uploads\/2012\/04\/Magen_welcome.jpg\" alt=\"\" width=\"500\" height=\"633\" \/><\/p>\n<p style=\"text-align: center;\">Som vi undrade vem det var som l\u00e5g d\u00e4rinne. Men nu vet vi.<\/p>\n<p style=\"text-align: center;\"><img loading=\"lazy\" decoding=\"async\" class=\"aligncenter size-full wp-image-2496\" title=\"Frode_1\" src=\"http:\/\/www.piah.se\/aspellhome\/wp-content\/uploads\/2012\/04\/Frode_1.jpg\" alt=\"\" width=\"500\" height=\"596\" srcset=\"http:\/\/www.piah.se\/aspellhome\/wp-content\/uploads\/2012\/04\/Frode_1.jpg 500w, http:\/\/www.piah.se\/aspellhome\/wp-content\/uploads\/2012\/04\/Frode_1-292x348.jpg 292w\" sizes=\"(max-width: 500px) 100vw, 500px\" \/><\/p>\n<p style=\"text-align: center;\"><img loading=\"lazy\" decoding=\"async\" class=\"aligncenter size-full wp-image-2497\" title=\"Frode_3\" src=\"http:\/\/www.piah.se\/aspellhome\/wp-content\/uploads\/2012\/04\/Frode_3.jpg\" alt=\"\" width=\"500\" height=\"596\" srcset=\"http:\/\/www.piah.se\/aspellhome\/wp-content\/uploads\/2012\/04\/Frode_3.jpg 500w, http:\/\/www.piah.se\/aspellhome\/wp-content\/uploads\/2012\/04\/Frode_3-292x348.jpg 292w\" sizes=\"(max-width: 500px) 100vw, 500px\" \/><\/p>\n<p style=\"text-align: left;\">Det var en liten Frode, och\u00a0tidigt i morse s\u00e5g han v\u00e4rldens ljus f\u00f6r f\u00f6rsta g\u00e5ngen. Br\u00e5ttom\u00a0ut l\u00e4r han visst ha haft ocks\u00e5, f\u00f6r han var ju en hel vecka f\u00f6rsenad. Vi gratulerade p\u00e5 BB redan\u00a0idag med en liten mjukiskanin och godis. S\u00e5\u00a0s\u00f6t och sp\u00e4d liten kille och s\u00e5 ny att skrynklorna knappt har hunnit r\u00e4ta ut sig.\u00a0Man t\u00f6rs knappt ta i en s\u00e5n liten, r\u00e4dd att han ska g\u00e5 s\u00f6nder.<\/p>\n<p style=\"text-align: center;\"><img loading=\"lazy\" decoding=\"async\" class=\"aligncenter size-full wp-image-2498\" title=\"Jocke_Evelina\" src=\"http:\/\/www.piah.se\/aspellhome\/wp-content\/uploads\/2012\/04\/Jocke_Evelina.jpg\" alt=\"\" width=\"495\" height=\"762\" srcset=\"http:\/\/www.piah.se\/aspellhome\/wp-content\/uploads\/2012\/04\/Jocke_Evelina.jpg 495w, http:\/\/www.piah.se\/aspellhome\/wp-content\/uploads\/2012\/04\/Jocke_Evelina-292x449.jpg 292w\" sizes=\"(max-width: 495px) 100vw, 495px\" \/><\/p>\n<p style=\"text-align: center;\">~ All k\u00e4rlek och\u00a0lycka till er, Evelina och Jocke ~<\/p>\n<p style=\"text-align: center;\"><img loading=\"lazy\" decoding=\"async\" class=\"aligncenter size-full wp-image-1918\" title=\"heart\" src=\"http:\/\/www.piah.se\/aspellhome\/wp-content\/uploads\/2012\/02\/heart.jpg\" alt=\"\" width=\"130\" height=\"123\" \/><\/p>\n","protected":false},"excerpt":{"rendered":"<p>Som vi undrade vem det var som l\u00e5g d\u00e4rinne. Men nu vet vi. Det var en liten Frode, och\u00a0tidigt i morse s\u00e5g han v\u00e4rldens ljus f\u00f6r f\u00f6rsta g\u00e5ngen. Br\u00e5ttom\u00a0ut l\u00e4r han visst ha haft ocks\u00e5, f\u00f6r han var ju en hel vecka f\u00f6rsenad. Vi gratulerade p\u00e5 BB redan\u00a0idag med en liten mjukiskanin och godis. S\u00e5\u00a0s\u00f6t [&hellip;]<\/p>\n","protected":false},"author":1,"featured_media":0,"comment_status":"open","ping_status":"open","sticky":false,"template":"","format":"standard","meta":{"footnotes":""},"categories":[514],"tags":[526,525,216,527,524],"class_list":["post-2494","post","type-post","status-publish","format-standard","hentry","category-highlights","tag-barn","tag-bebis","tag-fotografering","tag-gravidfoto","tag-graviditet"],"_links":{"self":[{"href":"http:\/\/www.piah.se\/aspellhome\/wp-json\/wp\/v2\/posts\/2494"}],"collection":[{"href":"http:\/\/www.piah.se\/aspellhome\/wp-json\/wp\/v2\/posts"}],"about":[{"href":"http:\/\/www.piah.se\/aspellhome\/wp-json\/wp\/v2\/types\/post"}],"author":[{"embeddable":true,"href":"http:\/\/www.piah.se\/aspellhome\/wp-json\/wp\/v2\/users\/1"}],"replies":[{"embeddable":true,"href":"http:\/\/www.piah.se\/aspellhome\/wp-json\/wp\/v2\/comments?post=2494"}],"version-history":[{"count":7,"href":"http:\/\/www.piah.se\/aspellhome\/wp-json\/wp\/v2\/posts\/2494\/revisions"}],"predecessor-version":[{"id":2505,"href":"http:\/\/www.piah.se\/aspellhome\/wp-json\/wp\/v2\/posts\/2494\/revisions\/2505"}],"wp:attachment":[{"href":"http:\/\/www.piah.se\/aspellhome\/wp-json\/wp\/v2\/media?parent=2494"}],"wp:term":[{"taxonomy":"category","embeddable":true,"href":"http:\/\/www.piah.se\/aspellhome\/wp-json\/wp\/v2\/categories?post=2494"},{"taxonomy":"post_tag","embeddable":true,"href":"http:\/\/www.piah.se\/aspellhome\/wp-json\/wp\/v2\/tags?post=2494"}],"curies":[{"name":"wp","href":"https:\/\/api.w.org\/{rel}","templated":true}]}}