{"id":2367,"date":"2012-04-12T09:02:13","date_gmt":"2012-04-12T07:02:13","guid":{"rendered":"http:\/\/www.piah.se\/aspellhome\/?p=2367"},"modified":"2012-04-12T09:02:13","modified_gmt":"2012-04-12T07:02:13","slug":"fyra-ar-idag","status":"publish","type":"post","link":"http:\/\/www.piah.se\/aspellhome\/fyra-ar-idag\/","title":{"rendered":"Fyra \u00e5r idag"},"content":{"rendered":"<p><img loading=\"lazy\" decoding=\"async\" class=\"aligncenter size-full wp-image-2368\" title=\"Albin puss\" src=\"http:\/\/www.piah.se\/aspellhome\/wp-content\/uploads\/2012\/04\/Albin_2b.jpg\" alt=\"\" width=\"600\" height=\"828\" srcset=\"http:\/\/www.piah.se\/aspellhome\/wp-content\/uploads\/2012\/04\/Albin_2b.jpg 600w, http:\/\/www.piah.se\/aspellhome\/wp-content\/uploads\/2012\/04\/Albin_2b-292x403.jpg 292w\" sizes=\"(max-width: 600px) 100vw, 600px\" \/><\/p>\n<p><img loading=\"lazy\" decoding=\"async\" class=\"aligncenter size-full wp-image-2369\" title=\"Albin, fyra \u00e5r\" src=\"http:\/\/www.piah.se\/aspellhome\/wp-content\/uploads\/2012\/04\/Albin_1b.jpg\" alt=\"\" width=\"625\" height=\"650\" srcset=\"http:\/\/www.piah.se\/aspellhome\/wp-content\/uploads\/2012\/04\/Albin_1b.jpg 625w, http:\/\/www.piah.se\/aspellhome\/wp-content\/uploads\/2012\/04\/Albin_1b-292x303.jpg 292w\" sizes=\"(max-width: 625px) 100vw, 625px\" \/><\/p>\n<p style=\"text-align: center;\">Den vackraste av sj\u00e4lar och de godaste av bl\u00f6ta kyssar. Idag fyller han fyra \u00e5r.<\/p>\n<p style=\"text-align: center;\">&#8211; Grattis Albin, v\u00e5r \u00e4lskade luddboll &#8211;<\/p>\n<p style=\"text-align: center;\">&#8211; &#8211; &#8211;<\/p>\n<p>Hur vill kaniner fira sina f\u00f6delsedagar? Vet inte hur vi ska kunna g\u00f6ra dagen \u00e4nnu mer speciell \u00e4n det vi g\u00f6r varje dag. Han har nog ingen aning om hur bra han har det, som slipper sitta utomhus i regn och rusk i en tr\u00e5ng bur. \u00c4n mindre har han en aning om att han fyller \u00e5r.<\/p>\n<p>N\u00e4r man ser honom kura ner sig i ryamattan under k\u00f6ksbordet, n\u00e4r vi ska g\u00e5 till jobbet, s\u00e5 kan jag n\u00e4stan bli lite avundsjuk. Vilket bekymmersl\u00f6st liv!\u00a0<img loading=\"lazy\" decoding=\"async\" class=\"aligncenter size-full wp-image-2394\" title=\"120412\" src=\"http:\/\/www.piah.se\/aspellhome\/wp-content\/uploads\/2012\/04\/120412.jpg\" alt=\"\" width=\"439\" height=\"299\" srcset=\"http:\/\/www.piah.se\/aspellhome\/wp-content\/uploads\/2012\/04\/120412.jpg 439w, http:\/\/www.piah.se\/aspellhome\/wp-content\/uploads\/2012\/04\/120412-292x198.jpg 292w\" sizes=\"(max-width: 439px) 100vw, 439px\" \/><\/p>\n","protected":false},"excerpt":{"rendered":"<p>Den vackraste av sj\u00e4lar och de godaste av bl\u00f6ta kyssar. Idag fyller han fyra \u00e5r. &#8211; Grattis Albin, v\u00e5r \u00e4lskade luddboll &#8211; &#8211; &#8211; &#8211; Hur vill kaniner fira sina f\u00f6delsedagar? Vet inte hur vi ska kunna g\u00f6ra dagen \u00e4nnu mer speciell \u00e4n det vi g\u00f6r varje dag. Han har nog ingen aning om hur [&hellip;]<\/p>\n","protected":false},"author":1,"featured_media":0,"comment_status":"open","ping_status":"open","sticky":false,"template":"","format":"standard","meta":{"footnotes":""},"categories":[514],"tags":[200,513,500],"class_list":["post-2367","post","type-post","status-publish","format-standard","hentry","category-highlights","tag-albin","tag-fodelsedag","tag-kaniner"],"_links":{"self":[{"href":"http:\/\/www.piah.se\/aspellhome\/wp-json\/wp\/v2\/posts\/2367"}],"collection":[{"href":"http:\/\/www.piah.se\/aspellhome\/wp-json\/wp\/v2\/posts"}],"about":[{"href":"http:\/\/www.piah.se\/aspellhome\/wp-json\/wp\/v2\/types\/post"}],"author":[{"embeddable":true,"href":"http:\/\/www.piah.se\/aspellhome\/wp-json\/wp\/v2\/users\/1"}],"replies":[{"embeddable":true,"href":"http:\/\/www.piah.se\/aspellhome\/wp-json\/wp\/v2\/comments?post=2367"}],"version-history":[{"count":13,"href":"http:\/\/www.piah.se\/aspellhome\/wp-json\/wp\/v2\/posts\/2367\/revisions"}],"predecessor-version":[{"id":2398,"href":"http:\/\/www.piah.se\/aspellhome\/wp-json\/wp\/v2\/posts\/2367\/revisions\/2398"}],"wp:attachment":[{"href":"http:\/\/www.piah.se\/aspellhome\/wp-json\/wp\/v2\/media?parent=2367"}],"wp:term":[{"taxonomy":"category","embeddable":true,"href":"http:\/\/www.piah.se\/aspellhome\/wp-json\/wp\/v2\/categories?post=2367"},{"taxonomy":"post_tag","embeddable":true,"href":"http:\/\/www.piah.se\/aspellhome\/wp-json\/wp\/v2\/tags?post=2367"}],"curies":[{"name":"wp","href":"https:\/\/api.w.org\/{rel}","templated":true}]}}