{"id":2156,"date":"2012-03-14T18:58:19","date_gmt":"2012-03-14T17:58:19","guid":{"rendered":"http:\/\/www.piah.se\/aspellhome\/?p=2156"},"modified":"2017-02-11T17:41:23","modified_gmt":"2017-02-11T16:41:23","slug":"fotografisk-historia","status":"publish","type":"post","link":"http:\/\/www.piah.se\/aspellhome\/fotografisk-historia\/","title":{"rendered":"Fotografisk historia"},"content":{"rendered":"<p><img loading=\"lazy\" decoding=\"async\" class=\"aligncenter size-full wp-image-2157\" title=\"Gammal kamera\" src=\"http:\/\/www.piah.se\/aspellhome\/wp-content\/uploads\/2012\/03\/Old_camera_1.jpg\" alt=\"\" width=\"550\" height=\"818\" \/><\/p>\n<p><img loading=\"lazy\" decoding=\"async\" class=\"aligncenter size-full wp-image-2158\" title=\"Gammal kamera\" src=\"http:\/\/www.piah.se\/aspellhome\/wp-content\/uploads\/2012\/03\/Old_camera_2.jpg\" alt=\"\" width=\"585\" height=\"562\" srcset=\"http:\/\/www.piah.se\/aspellhome\/wp-content\/uploads\/2012\/03\/Old_camera_2.jpg 585w, http:\/\/www.piah.se\/aspellhome\/wp-content\/uploads\/2012\/03\/Old_camera_2-292x280.jpg 292w\" sizes=\"(max-width: 585px) 100vw, 585px\" \/><\/p>\n<p>Visst \u00e4r den vacker s\u00e5 s\u00e4g? Ett stycke fotografisk historia har \u00e5terfunnits p\u00e5 Aspell-vinden. Ibland faller saker i gl\u00f6mska en tid,\u00a0f\u00f6r att pl\u00f6tsligt \u00e5teruppt\u00e4ckas flera \u00e5r senare. Det \u00e4r inte utan att man undrar vilka historiska \u00f6gonblick som f\u00f6revigats genom dess lins.<\/p>\n<p>Det \u00e4r som att g\u00e5 p\u00e5 skattjakt d\u00e4ruppe p\u00e5 vinden bland l\u00e5dor och kartonger, och man blir\u00a0s\u00e5 d\u00e4r\u00a0upprymd av av att pl\u00f6tsligt minnas vad som finns i g\u00f6mmorna.<\/p>\n<p>Jag funderar starkt p\u00e5 att g\u00f6ra n\u00e5got sorts tryck eller tavlor av bilderna. Tror de skulle g\u00f6ra sig bra p\u00e5 v\u00e4ggen uppe i hallen n\u00e4r det blir klart d\u00e4r uppe.<\/p>\n<p style=\"text-align: center;\">Det kanske \u00e4r lite tidigt \u00e4n, men nog tycker jag mig skymta fredagen\u00a0nu.<br \/>\nHa det s\u00e5 gott tills dess k\u00e4ra ni!<\/p>\n<p><img loading=\"lazy\" decoding=\"async\" class=\"aligncenter size-full wp-image-2159\" title=\"wednesday\" src=\"http:\/\/www.piah.se\/aspellhome\/wp-content\/uploads\/2012\/03\/wednesday.jpg\" alt=\"\" width=\"461\" height=\"212\" srcset=\"http:\/\/www.piah.se\/aspellhome\/wp-content\/uploads\/2012\/03\/wednesday.jpg 461w, http:\/\/www.piah.se\/aspellhome\/wp-content\/uploads\/2012\/03\/wednesday-292x134.jpg 292w\" sizes=\"(max-width: 461px) 100vw, 461px\" \/><\/p>\n","protected":false},"excerpt":{"rendered":"<p>Visst \u00e4r den vacker s\u00e5 s\u00e4g? Ett stycke fotografisk historia har \u00e5terfunnits p\u00e5 Aspell-vinden. Ibland faller saker i gl\u00f6mska en tid,\u00a0f\u00f6r att pl\u00f6tsligt \u00e5teruppt\u00e4ckas flera \u00e5r senare. Det \u00e4r inte utan att man undrar vilka historiska \u00f6gonblick som f\u00f6revigats genom dess lins. Det \u00e4r som att g\u00e5 p\u00e5 skattjakt d\u00e4ruppe p\u00e5 vinden bland l\u00e5dor och [&hellip;]<\/p>\n","protected":false},"author":1,"featured_media":0,"comment_status":"open","ping_status":"open","sticky":false,"template":"","format":"standard","meta":{"footnotes":""},"categories":[3],"tags":[13,216,468],"class_list":["post-2156","post","type-post","status-publish","format-standard","hentry","category-things-old-or-new","tag-antikt","tag-fotografering","tag-kamera"],"_links":{"self":[{"href":"http:\/\/www.piah.se\/aspellhome\/wp-json\/wp\/v2\/posts\/2156"}],"collection":[{"href":"http:\/\/www.piah.se\/aspellhome\/wp-json\/wp\/v2\/posts"}],"about":[{"href":"http:\/\/www.piah.se\/aspellhome\/wp-json\/wp\/v2\/types\/post"}],"author":[{"embeddable":true,"href":"http:\/\/www.piah.se\/aspellhome\/wp-json\/wp\/v2\/users\/1"}],"replies":[{"embeddable":true,"href":"http:\/\/www.piah.se\/aspellhome\/wp-json\/wp\/v2\/comments?post=2156"}],"version-history":[{"count":4,"href":"http:\/\/www.piah.se\/aspellhome\/wp-json\/wp\/v2\/posts\/2156\/revisions"}],"predecessor-version":[{"id":2163,"href":"http:\/\/www.piah.se\/aspellhome\/wp-json\/wp\/v2\/posts\/2156\/revisions\/2163"}],"wp:attachment":[{"href":"http:\/\/www.piah.se\/aspellhome\/wp-json\/wp\/v2\/media?parent=2156"}],"wp:term":[{"taxonomy":"category","embeddable":true,"href":"http:\/\/www.piah.se\/aspellhome\/wp-json\/wp\/v2\/categories?post=2156"},{"taxonomy":"post_tag","embeddable":true,"href":"http:\/\/www.piah.se\/aspellhome\/wp-json\/wp\/v2\/tags?post=2156"}],"curies":[{"name":"wp","href":"https:\/\/api.w.org\/{rel}","templated":true}]}}